{"id":78986,"date":"2024-09-05T11:17:59","date_gmt":"2024-09-05T17:17:59","guid":{"rendered":"http:\/\/mickyandoniehn.com\/radio\/2024\/09\/05\/consecuencias-de-la-suspension-de-antidepresivos\/"},"modified":"2024-09-05T11:17:59","modified_gmt":"2024-09-05T17:17:59","slug":"consecuencias-de-la-suspension-de-antidepresivos","status":"publish","type":"post","link":"https:\/\/mickyandoniehn.com\/radio\/2024\/09\/05\/consecuencias-de-la-suspension-de-antidepresivos\/","title":{"rendered":"Consecuencias de la suspensi\u00f3n de antidepresivos"},"content":{"rendered":"<\/p>\n<p><strong>05.09.24<\/strong><\/p>\n<p>Los\u00a0<strong>s\u00edntomas de interrupci\u00f3n de los antidepresivos<\/strong>\u00a0est\u00e1n adquiriendo una importancia creciente en la pr\u00e1ctica cl\u00ednica, aunque su incidencia no ha sido cuantificada. Una estimaci\u00f3n de estos s\u00edntomas podr\u00eda informar tanto a pacientes como a m\u00e9dicos sobre las implicaciones de la suspensi\u00f3n y proporcionar informaci\u00f3n valiosa a los investigadores en el campo de los<strong>\u00a0tratamientos antidepresivos<\/strong>.<\/p>\n<p>El objetivo de este metaan\u00e1lisis, desarrollado por el Dr. Jonathan Henssler de la\u00a0<strong>Universidad de Colonia<\/strong>\u00a0en Alemania y colaboradores de otros centros de investigaci\u00f3n del pa\u00eds, fue evaluar la incidencia de los s\u00edntomas de interrupci\u00f3n de los antidepresivos en pacientes que suspendieron tanto los f\u00e1rmacos como el placebo, seg\u00fan la literatura publicada.<\/p>\n<p>Realizaron b\u00fasquedas sistem\u00e1ticas en Medline, EMBASE y CENTRAL, abarcando ensayos controlados aleatorizados y estudios observacionales. Para ser incluidos, los trabajos deb\u00edan haber investigado el cese o la reducci\u00f3n gradual de un\u00a0<strong>antidepresivo<\/strong>\u00a0espec\u00edfico (excluyendo antipsic\u00f3ticos, litio o tiroxina) o placebo en participantes con cualquier\u00a0<strong>trastorno mental<\/strong>, conductual o del desarrollo neurol\u00f3gico. Evaluaron la incidencia de s\u00edntomas de interrupci\u00f3n (mareos, dolor de cabeza, n\u00e1useas, insomnio e irritabilidad), incluidos los graves, despu\u00e9s de la suspensi\u00f3n del tratamiento antidepresivo.<\/p>\n<p>De 6.095 art\u00edculos analizados, se seleccionaron 79 que inclu\u00edan a 21.002 personas (72% mujeres; edad promedio: 45 a\u00f1os). De estos participantes, 16.532 interrumpieron el tratamiento con un antidepresivo y 4.470 lo hicieron con un placebo. La incidencia de al menos un s\u00edntoma asociado fue de 0,31 en el grupo que suspendi\u00f3 el tratamiento farmacol\u00f3gico y de 0,17 en el que interrumpi\u00f3 el placebo (IC 95%). La tasa de s\u00edntomas graves fue de 0,028 y 0,006, respectivamente.<\/p>\n<p>Los f\u00e1rmacos\u00a0<strong>desvenlafaxina<\/strong>,\u00a0<strong>venlafaxina<\/strong>,<strong>\u00a0imipramina<\/strong>\u00a0y\u00a0<strong>escitalopram<\/strong>\u00a0se asociaron con frecuencias m\u00e1s altas de s\u00edntomas de interrupci\u00f3n. Adem\u00e1s, la imipramina,\u00a0<strong>paroxetina<\/strong>, desvenlafaxina y venlafaxina se vincularon con una mayor gravedad de los s\u00edntomas.<\/p>\n<p>La incidencia de este tipo de sintomatolog\u00eda es de aproximadamente el 15%, afectando a uno de cada seis a siete individuos que dejan de tomar su medicaci\u00f3n. Estos hallazgos ayudan a m\u00e9dicos y pacientes a comprender la probable extensi\u00f3n de estos s\u00edntomas sin causar alarmas indebidas, aunque es necesario considerar la\u00a0<strong>psicopatolog\u00eda residual<\/strong>\u00a0o reemergente al interpretarlos.<\/p>\n<p>Fuente: Diario Roat\u00e1n<\/p>\n","protected":false},"excerpt":{"rendered":"<p>05.09.24 Los\u00a0s\u00edntomas de interrupci\u00f3n de los antidepresivos\u00a0est\u00e1n adquiriendo una importancia creciente en la pr\u00e1ctica cl\u00ednica, aunque su incidencia no ha sido cuantificada. Una estimaci\u00f3n de estos s\u00edntomas podr\u00eda informar tanto a pacientes como a m\u00e9dicos sobre las implicaciones de la suspensi\u00f3n y proporcionar informaci\u00f3n valiosa a los investigadores en el campo de los\u00a0tratamientos antidepresivos. El &hellip;<\/p>\n","protected":false},"author":0,"featured_media":78987,"comment_status":"open","ping_status":"open","sticky":false,"template":"","format":"standard","meta":{"_jetpack_memberships_contains_paid_content":false,"footnotes":""},"categories":[5],"tags":[],"class_list":["post-78986","post","type-post","status-publish","format-standard","has-post-thumbnail","","category-noticias"],"jetpack_sharing_enabled":true,"jetpack_featured_media_url":"https:\/\/mickyandoniehn.com\/radio\/wp-content\/uploads\/2024\/09\/f.elconfidencial.com_original_60d_d03_373_60dd03373e254689186966c970d2adfe-750x430-1-gG9Get.jpeg","_links":{"self":[{"href":"https:\/\/mickyandoniehn.com\/radio\/wp-json\/wp\/v2\/posts\/78986","targetHints":{"allow":["GET"]}}],"collection":[{"href":"https:\/\/mickyandoniehn.com\/radio\/wp-json\/wp\/v2\/posts"}],"about":[{"href":"https:\/\/mickyandoniehn.com\/radio\/wp-json\/wp\/v2\/types\/post"}],"replies":[{"embeddable":true,"href":"https:\/\/mickyandoniehn.com\/radio\/wp-json\/wp\/v2\/comments?post=78986"}],"version-history":[{"count":0,"href":"https:\/\/mickyandoniehn.com\/radio\/wp-json\/wp\/v2\/posts\/78986\/revisions"}],"wp:featuredmedia":[{"embeddable":true,"href":"https:\/\/mickyandoniehn.com\/radio\/wp-json\/wp\/v2\/media\/78987"}],"wp:attachment":[{"href":"https:\/\/mickyandoniehn.com\/radio\/wp-json\/wp\/v2\/media?parent=78986"}],"wp:term":[{"taxonomy":"category","embeddable":true,"href":"https:\/\/mickyandoniehn.com\/radio\/wp-json\/wp\/v2\/categories?post=78986"},{"taxonomy":"post_tag","embeddable":true,"href":"https:\/\/mickyandoniehn.com\/radio\/wp-json\/wp\/v2\/tags?post=78986"}],"curies":[{"name":"wp","href":"https:\/\/api.w.org\/{rel}","templated":true}]}}