{"id":78883,"date":"2024-09-05T09:13:09","date_gmt":"2024-09-05T15:13:09","guid":{"rendered":"http:\/\/mickyandoniehn.com\/radio\/2024\/09\/05\/cortes-de-energia-programados-para-este-jueves-en-honduras\/"},"modified":"2024-09-05T09:13:09","modified_gmt":"2024-09-05T15:13:09","slug":"cortes-de-energia-programados-para-este-jueves-en-honduras","status":"publish","type":"post","link":"https:\/\/mickyandoniehn.com\/radio\/2024\/09\/05\/cortes-de-energia-programados-para-este-jueves-en-honduras\/","title":{"rendered":"Cortes de energ\u00eda programados para este jueves en Honduras"},"content":{"rendered":"<\/p>\n<p><strong>05.09.24<\/strong><\/p>\n<p>El Centro Nacional de Despacho (CND) de la Empresa Nacional de Energ\u00eda El\u00e9ctrica (ENEE) public\u00f3 los cortes de energ\u00eda en Honduras programados para este jueves 05 de septiembre.<\/p>\n<p>De acuerdo a las autoridades los cortes ser\u00e1n en el Litoral Atl\u00e1ntico, Noroccidente y Centro \u2013 Sur del pa\u00eds donde diferentes zonas se ver\u00e1n afectadas por la interrupci\u00f3n del fluido el\u00e9ctrico.<\/p>\n<div class=\"fs-dynamic\">\n<div>\n<div>\n<div class=\"__fs-ancillary\">\n<div class=\"__fs-branding\"><\/div>\n<\/div>\n<\/div>\n<\/div>\n<\/div>\n<h4><em><strong>CORTES DE ENERG\u00cdA:<\/strong><\/em><\/h4>\n<\/p>\n<p>Fuente: La Tribuna<\/p>\n","protected":false},"excerpt":{"rendered":"<p>05.09.24 El Centro Nacional de Despacho (CND) de la Empresa Nacional de Energ\u00eda El\u00e9ctrica (ENEE) public\u00f3 los cortes de energ\u00eda en Honduras programados para este jueves 05 de septiembre. De acuerdo a las autoridades los cortes ser\u00e1n en el Litoral Atl\u00e1ntico, Noroccidente y Centro \u2013 Sur del pa\u00eds donde diferentes zonas se ver\u00e1n afectadas por &hellip;<\/p>\n","protected":false},"author":0,"featured_media":78884,"comment_status":"open","ping_status":"open","sticky":false,"template":"","format":"standard","meta":{"_jetpack_memberships_contains_paid_content":false,"footnotes":""},"categories":[5],"tags":[],"class_list":["post-78883","post","type-post","status-publish","format-standard","has-post-thumbnail","","category-noticias"],"jetpack_sharing_enabled":true,"jetpack_featured_media_url":"https:\/\/mickyandoniehn.com\/radio\/wp-content\/uploads\/2024\/09\/Imagen-de-WhatsApp-2024-07-24-a-las-11.01.39_ae733774-mrPdmg.jpeg","_links":{"self":[{"href":"https:\/\/mickyandoniehn.com\/radio\/wp-json\/wp\/v2\/posts\/78883","targetHints":{"allow":["GET"]}}],"collection":[{"href":"https:\/\/mickyandoniehn.com\/radio\/wp-json\/wp\/v2\/posts"}],"about":[{"href":"https:\/\/mickyandoniehn.com\/radio\/wp-json\/wp\/v2\/types\/post"}],"replies":[{"embeddable":true,"href":"https:\/\/mickyandoniehn.com\/radio\/wp-json\/wp\/v2\/comments?post=78883"}],"version-history":[{"count":0,"href":"https:\/\/mickyandoniehn.com\/radio\/wp-json\/wp\/v2\/posts\/78883\/revisions"}],"wp:featuredmedia":[{"embeddable":true,"href":"https:\/\/mickyandoniehn.com\/radio\/wp-json\/wp\/v2\/media\/78884"}],"wp:attachment":[{"href":"https:\/\/mickyandoniehn.com\/radio\/wp-json\/wp\/v2\/media?parent=78883"}],"wp:term":[{"taxonomy":"category","embeddable":true,"href":"https:\/\/mickyandoniehn.com\/radio\/wp-json\/wp\/v2\/categories?post=78883"},{"taxonomy":"post_tag","embeddable":true,"href":"https:\/\/mickyandoniehn.com\/radio\/wp-json\/wp\/v2\/tags?post=78883"}],"curies":[{"name":"wp","href":"https:\/\/api.w.org\/{rel}","templated":true}]}}