{"id":78835,"date":"2024-09-05T08:12:35","date_gmt":"2024-09-05T14:12:35","guid":{"rendered":"http:\/\/mickyandoniehn.com\/radio\/2024\/09\/05\/pronostican-fuertes-lluvias-en-honduras-este-jueves-por-onda-tropical\/"},"modified":"2024-09-05T08:12:35","modified_gmt":"2024-09-05T14:12:35","slug":"pronostican-fuertes-lluvias-en-honduras-este-jueves-por-onda-tropical","status":"publish","type":"post","link":"https:\/\/mickyandoniehn.com\/radio\/2024\/09\/05\/pronostican-fuertes-lluvias-en-honduras-este-jueves-por-onda-tropical\/","title":{"rendered":"Pronostican fuertes lluvias en Honduras este jueves por onda tropical"},"content":{"rendered":"<p class=\"sub-parrafo thridlimit mt-0 mb-2\">La onda tropical no presenta probabilidad de desarrollo cicl\u00f3nico en el Golfo de Honduras, seg\u00fan el monitoreo del Cenaos.<\/p>\n<div class=\"d-flex justify-content-start\">\n<div class=\"row w-100 p-0 m-0\">\n<div class=\"mr-2\"><\/div>\n<div><strong>05.09.24<\/strong><\/div>\n<div>\n<p><strong>Honduras\u00a0<\/strong>enfrentar\u00e1 fuertes lluvias debido a una onda tropical que ingres\u00f3 en la madrugada de este jueves, inform\u00f3 el Centro Nacional de Estudios Atmosf\u00e9ricos, Oceanogr\u00e1ficos y S\u00edsmicos (Cenaos).<\/p>\n<p>Durante el desplazamiento del fen\u00f3meno, el pron\u00f3stico del Cenaos anticipa lluvias y chubascos moderados a fuertes con tormentas el\u00e9ctricas en la mayor parte del pa\u00eds.<\/p>\n<p>La\u00a0<strong>onda tropical<\/strong>\u00a0no presenta probabilidad de desarrollo cicl\u00f3nico en el Golfo de Honduras, seg\u00fan el monitoreo del Cenaos, basado en las actualizaciones del\u00a0<strong>Centro Nacional de Huracanes<\/strong>\u00a0de Estados Unidos.<\/p>\n<p>Adem\u00e1s, el Cenaos advierte que la marea en el mar Caribe alcanzar\u00e1 de 1 a 3 pies, con picos de hasta 5 pies al norte de las\u00a0<strong>Islas de la Bah\u00eda\u00a0<\/strong>entre el jueves y el viernes.<\/p>\n<p>Las autoridades recomiendan a las embarcaciones de mediano y peque\u00f1o calado tomar medidas preventivas y a la poblaci\u00f3n continuar con la limpieza de techos, desag\u00fces, cunetas y tragantes para evitar inundaciones repentinas y urbanas debido a las lluvias.<\/p>\n<p>Fuente: tunota<\/p>\n<\/div>\n<\/div>\n<\/div>\n","protected":false},"excerpt":{"rendered":"<p>La onda tropical no presenta probabilidad de desarrollo cicl\u00f3nico en el Golfo de Honduras, seg\u00fan el monitoreo del Cenaos. 05.09.24 Honduras\u00a0enfrentar\u00e1 fuertes lluvias debido a una onda tropical que ingres\u00f3 en la madrugada de este jueves, inform\u00f3 el Centro Nacional de Estudios Atmosf\u00e9ricos, Oceanogr\u00e1ficos y S\u00edsmicos (Cenaos). Durante el desplazamiento del fen\u00f3meno, el pron\u00f3stico del &hellip;<\/p>\n","protected":false},"author":0,"featured_media":78836,"comment_status":"open","ping_status":"open","sticky":false,"template":"","format":"standard","meta":{"_jetpack_memberships_contains_paid_content":false,"footnotes":""},"categories":[5],"tags":[],"class_list":["post-78835","post","type-post","status-publish","format-standard","has-post-thumbnail","","category-noticias"],"jetpack_sharing_enabled":true,"jetpack_featured_media_url":"https:\/\/mickyandoniehn.com\/radio\/wp-content\/uploads\/2024\/09\/principal_onda_tropical_lluvias_honduras-MItEWz.jpeg","_links":{"self":[{"href":"https:\/\/mickyandoniehn.com\/radio\/wp-json\/wp\/v2\/posts\/78835","targetHints":{"allow":["GET"]}}],"collection":[{"href":"https:\/\/mickyandoniehn.com\/radio\/wp-json\/wp\/v2\/posts"}],"about":[{"href":"https:\/\/mickyandoniehn.com\/radio\/wp-json\/wp\/v2\/types\/post"}],"replies":[{"embeddable":true,"href":"https:\/\/mickyandoniehn.com\/radio\/wp-json\/wp\/v2\/comments?post=78835"}],"version-history":[{"count":0,"href":"https:\/\/mickyandoniehn.com\/radio\/wp-json\/wp\/v2\/posts\/78835\/revisions"}],"wp:featuredmedia":[{"embeddable":true,"href":"https:\/\/mickyandoniehn.com\/radio\/wp-json\/wp\/v2\/media\/78836"}],"wp:attachment":[{"href":"https:\/\/mickyandoniehn.com\/radio\/wp-json\/wp\/v2\/media?parent=78835"}],"wp:term":[{"taxonomy":"category","embeddable":true,"href":"https:\/\/mickyandoniehn.com\/radio\/wp-json\/wp\/v2\/categories?post=78835"},{"taxonomy":"post_tag","embeddable":true,"href":"https:\/\/mickyandoniehn.com\/radio\/wp-json\/wp\/v2\/tags?post=78835"}],"curies":[{"name":"wp","href":"https:\/\/api.w.org\/{rel}","templated":true}]}}