{"id":78833,"date":"2024-09-05T08:12:32","date_gmt":"2024-09-05T14:12:32","guid":{"rendered":"http:\/\/mickyandoniehn.com\/radio\/2024\/09\/05\/jovencitos-del-cecaes-cautivan-con-su-mensaje-tus-capacidades-siempre-seran-mas-grandes-que-tus-limites\/"},"modified":"2024-09-05T08:12:32","modified_gmt":"2024-09-05T14:12:32","slug":"jovencitos-del-cecaes-cautivan-con-su-mensaje-tus-capacidades-siempre-seran-mas-grandes-que-tus-limites","status":"publish","type":"post","link":"https:\/\/mickyandoniehn.com\/radio\/2024\/09\/05\/jovencitos-del-cecaes-cautivan-con-su-mensaje-tus-capacidades-siempre-seran-mas-grandes-que-tus-limites\/","title":{"rendered":"Jovencitos del Cecaes cautivan con su mensaje: \u201cTus capacidades siempre ser\u00e1n m\u00e1s grandes que tus l\u00edmites\u201d"},"content":{"rendered":"<\/p>\n<p><strong>05.09.24<\/strong><\/p>\n<p>Fervor, entusiasmo y alegr\u00eda caracterizaron ayer a unos 80 alumnos del Centro de Capacitaci\u00f3n Especial (Cecaes), durante su entrenamiento para demostrar sus mejores galas en los desfiles patrios que se desarrollar\u00e1n en Tegucigalpa.<\/p>\n<p>\u201cTus capacidades siempre ser\u00e1n m\u00e1s grandes que tus l\u00edmites\u201d, fue el mensaje que m\u00e1s cautiv\u00f3 durante el desfile. Con palillonas, pomponeras, cadetes y una banda marcial, estos jovencitos mostraron su aut\u00e9ntico civismo en el mes de la Patria, al desfilar frente a los predios de la morgue capitalina. Luc\u00edan muy alegres en sus movimientos a trav\u00e9s de la Calle de la Salud, frente a su centro de aprendizaje. El grupo de palillonas cautiv\u00f3 con sus habilidades a decenas de capitalinos presentes en esa zona.<\/p>\n<p>Pomponeras y palillonas mostraron entusiasmo y alegr\u00eda durante su entrenamiento.<\/p>\n<p>\u00a0<\/p>\n<p>Los jovencitos se muestran alegres por ser parte de los desfiles patrios.<\/p>\n<div class=\"fs-dynamic\">\n<div>\n<div>\n<div class=\"__fs-ancillary\">\n<div class=\"__fs-branding\"><a href=\"https:\/\/ads.freestar.com\/?utm_campaign=branding&amp;utm_medium=dynamicAd&amp;utm_source=latribuna.hn&amp;utm_content=latribuna_incontent_dynamic_article\" target=\"_blank\" rel=\"noopener\"><\/a><\/div>\n<\/div>\n<\/div>\n<\/div>\n<\/div>\n<p>El grupo de pomponeras practicaron sus distintas rutinas de baile.<\/p>\n<p>\u00a0<\/p>\n<p>Fuente: La Tribuna<\/p>\n","protected":false},"excerpt":{"rendered":"<p>05.09.24 Fervor, entusiasmo y alegr\u00eda caracterizaron ayer a unos 80 alumnos del Centro de Capacitaci\u00f3n Especial (Cecaes), durante su entrenamiento para demostrar sus mejores galas en los desfiles patrios que se desarrollar\u00e1n en Tegucigalpa. \u201cTus capacidades siempre ser\u00e1n m\u00e1s grandes que tus l\u00edmites\u201d, fue el mensaje que m\u00e1s cautiv\u00f3 durante el desfile. Con palillonas, pomponeras, &hellip;<\/p>\n","protected":false},"author":0,"featured_media":78834,"comment_status":"open","ping_status":"open","sticky":false,"template":"","format":"standard","meta":{"_jetpack_memberships_contains_paid_content":false,"footnotes":""},"categories":[5],"tags":[],"class_list":["post-78833","post","type-post","status-publish","format-standard","has-post-thumbnail","","category-noticias"],"jetpack_sharing_enabled":true,"jetpack_featured_media_url":"https:\/\/mickyandoniehn.com\/radio\/wp-content\/uploads\/2024\/09\/CECAES-1-696x356-1-NBpvWP.jpeg","_links":{"self":[{"href":"https:\/\/mickyandoniehn.com\/radio\/wp-json\/wp\/v2\/posts\/78833","targetHints":{"allow":["GET"]}}],"collection":[{"href":"https:\/\/mickyandoniehn.com\/radio\/wp-json\/wp\/v2\/posts"}],"about":[{"href":"https:\/\/mickyandoniehn.com\/radio\/wp-json\/wp\/v2\/types\/post"}],"replies":[{"embeddable":true,"href":"https:\/\/mickyandoniehn.com\/radio\/wp-json\/wp\/v2\/comments?post=78833"}],"version-history":[{"count":0,"href":"https:\/\/mickyandoniehn.com\/radio\/wp-json\/wp\/v2\/posts\/78833\/revisions"}],"wp:featuredmedia":[{"embeddable":true,"href":"https:\/\/mickyandoniehn.com\/radio\/wp-json\/wp\/v2\/media\/78834"}],"wp:attachment":[{"href":"https:\/\/mickyandoniehn.com\/radio\/wp-json\/wp\/v2\/media?parent=78833"}],"wp:term":[{"taxonomy":"category","embeddable":true,"href":"https:\/\/mickyandoniehn.com\/radio\/wp-json\/wp\/v2\/categories?post=78833"},{"taxonomy":"post_tag","embeddable":true,"href":"https:\/\/mickyandoniehn.com\/radio\/wp-json\/wp\/v2\/tags?post=78833"}],"curies":[{"name":"wp","href":"https:\/\/api.w.org\/{rel}","templated":true}]}}