{"id":78831,"date":"2024-09-05T07:12:41","date_gmt":"2024-09-05T13:12:41","guid":{"rendered":"http:\/\/mickyandoniehn.com\/radio\/2024\/09\/05\/honduras-en-la-historia-05-de-septiembre-de-1979-se-decreta-la-obligatoriedad-de-la-tarjeta-de-vacunacion\/"},"modified":"2024-09-05T07:12:41","modified_gmt":"2024-09-05T13:12:41","slug":"honduras-en-la-historia-05-de-septiembre-de-1979-se-decreta-la-obligatoriedad-de-la-tarjeta-de-vacunacion","status":"publish","type":"post","link":"https:\/\/mickyandoniehn.com\/radio\/2024\/09\/05\/honduras-en-la-historia-05-de-septiembre-de-1979-se-decreta-la-obligatoriedad-de-la-tarjeta-de-vacunacion\/","title":{"rendered":"Honduras en la Historia: 05 de septiembre de 1979, Se decreta la obligatoriedad de la tarjeta de vacunaci\u00f3n"},"content":{"rendered":"<\/p>\n<p>\u00a0<\/p>\n<div class=\"xdj266r x11i5rnm xat24cr x1mh8g0r x1vvkbs x126k92a\">\n<div>05 DE SEPTIEMBRE 1979 DECRETASE LA OBLIGATORIEDAD DE LA TARJETA DE VACUNACI\u00d3N INFANTIL.<\/div>\n<div><\/div>\n<\/div>\n<div class=\"x11i5rnm xat24cr x1mh8g0r x1vvkbs xtlvy1s x126k92a\">\n<div>Hace dos d\u00e9cadas (1979) se cre\u00f3 oficialmente el PAI, con el objetivo de disminuir la morbilidad y mortalidad por enfermedades prevenibles por vacunas; a trav\u00e9s de la vacunaci\u00f3n de las ni\u00f1as y ni\u00f1os menores de cinco a\u00f1os, con \u00e9nfasis en los menores de dos a\u00f1os, Mujeres en Edad F\u00e9rtil (MEF) de doce a 49 a\u00f1os, y grupos en riesgo para lograr el control, eliminaci\u00f3n y erradicaci\u00f3n de estas enfermedades.<\/div>\n<\/div>\n<div class=\"x11i5rnm xat24cr x1mh8g0r x1vvkbs xtlvy1s x126k92a\">\n<div>Hoy d\u00eda se han logrado significativos avances, manteni\u00e9ndose coberturas para todos los inmunobiol\u00f3gicos superiores al 90% y el descenso progresivo en el n\u00famero de casos y muertes por enfermedades prevenibles por vacunaci\u00f3n, contribuyendo as\u00ed a la supervivencia de la ni\u00f1ez hondure\u00f1a.<\/div>\n<div>Lunes, 06 Septiembre 1531 Se Designa Trujillo como sede del Obispado<\/div>\n<div>Designase Trujillo como sede del Obispado, que hab\u00eda sido fundado en 1527 por el Papa Clemente VII.<\/div>\n<\/div>\n<div><\/div><\/p>\n","protected":false},"excerpt":{"rendered":"<p>\u00a0 05 DE SEPTIEMBRE 1979 DECRETASE LA OBLIGATORIEDAD DE LA TARJETA DE VACUNACI\u00d3N INFANTIL. Hace dos d\u00e9cadas (1979) se cre\u00f3 oficialmente el PAI, con el objetivo de disminuir la morbilidad y mortalidad por enfermedades prevenibles por vacunas; a trav\u00e9s de la vacunaci\u00f3n de las ni\u00f1as y ni\u00f1os menores de cinco a\u00f1os, con \u00e9nfasis en los &hellip;<\/p>\n","protected":false},"author":0,"featured_media":78832,"comment_status":"open","ping_status":"open","sticky":false,"template":"","format":"standard","meta":{"_jetpack_memberships_contains_paid_content":false,"footnotes":""},"categories":[5],"tags":[],"class_list":["post-78831","post","type-post","status-publish","format-standard","has-post-thumbnail","","category-noticias"],"jetpack_sharing_enabled":true,"jetpack_featured_media_url":"https:\/\/mickyandoniehn.com\/radio\/wp-content\/uploads\/2024\/09\/Diapositiva1-26-FtgJlX.png","_links":{"self":[{"href":"https:\/\/mickyandoniehn.com\/radio\/wp-json\/wp\/v2\/posts\/78831","targetHints":{"allow":["GET"]}}],"collection":[{"href":"https:\/\/mickyandoniehn.com\/radio\/wp-json\/wp\/v2\/posts"}],"about":[{"href":"https:\/\/mickyandoniehn.com\/radio\/wp-json\/wp\/v2\/types\/post"}],"replies":[{"embeddable":true,"href":"https:\/\/mickyandoniehn.com\/radio\/wp-json\/wp\/v2\/comments?post=78831"}],"version-history":[{"count":0,"href":"https:\/\/mickyandoniehn.com\/radio\/wp-json\/wp\/v2\/posts\/78831\/revisions"}],"wp:featuredmedia":[{"embeddable":true,"href":"https:\/\/mickyandoniehn.com\/radio\/wp-json\/wp\/v2\/media\/78832"}],"wp:attachment":[{"href":"https:\/\/mickyandoniehn.com\/radio\/wp-json\/wp\/v2\/media?parent=78831"}],"wp:term":[{"taxonomy":"category","embeddable":true,"href":"https:\/\/mickyandoniehn.com\/radio\/wp-json\/wp\/v2\/categories?post=78831"},{"taxonomy":"post_tag","embeddable":true,"href":"https:\/\/mickyandoniehn.com\/radio\/wp-json\/wp\/v2\/tags?post=78831"}],"curies":[{"name":"wp","href":"https:\/\/api.w.org\/{rel}","templated":true}]}}