{"id":78810,"date":"2024-09-04T16:13:45","date_gmt":"2024-09-04T22:13:45","guid":{"rendered":"http:\/\/mickyandoniehn.com\/radio\/2024\/09\/04\/honduras-brilla-en-el-festival-centroamerica-cuenta-2024-con-videopoemas-de-ninas-del-hogar-nuestras-pequenas-rosas\/"},"modified":"2024-09-04T16:13:45","modified_gmt":"2024-09-04T22:13:45","slug":"honduras-brilla-en-el-festival-centroamerica-cuenta-2024-con-videopoemas-de-ninas-del-hogar-nuestras-pequenas-rosas","status":"publish","type":"post","link":"https:\/\/mickyandoniehn.com\/radio\/2024\/09\/04\/honduras-brilla-en-el-festival-centroamerica-cuenta-2024-con-videopoemas-de-ninas-del-hogar-nuestras-pequenas-rosas\/","title":{"rendered":"Honduras Brilla en el Festival Centroam\u00e9rica Cuenta 2024 con Videopoemas de Ni\u00f1as del Hogar Nuestras Peque\u00f1as Rosas"},"content":{"rendered":"<\/p>\n<p><strong>04.09.2024<\/strong><\/p>\n<p>Una vez m\u00e1s, Honduras se enorgullece al llevar su voz al escenario literario internacional. En el prestigioso festival Centroam\u00e9rica Cuenta 2024, el pa\u00eds destaca con la inclusi\u00f3n de dos videopoemas que resaltan la riqueza cultural y el talento emergente de sus j\u00f3venes creadoras.<\/p>\n<p>Los videopoemas titulados \u00abSilencio Gris\u00bb y \u00abEn casa flota una nube\u00bb fueron realizados por dos talentosas ni\u00f1as del Hogar Nuestras Peque\u00f1as Rosas en San Pedro Sula. Este logro es un testimonio del potencial art\u00edstico que se cultiva en la ni\u00f1ez hondure\u00f1a, y refleja el impacto positivo de iniciativas como la beca Our Little Roses Poetry Fellowship, otorgada por los poetas Lili\u00e1n Pallares y Charles Olsen.<\/p>\n<p>El 20 de septiembre, estos inspiradores videopoemas ser\u00e1n presentados en el festival Centroam\u00e9rica Cuenta, celebrado en Madrid. Este evento, fundado en 2013 por el renombrado nicarag\u00fcense y Premio Cervantes, Sergio Ram\u00edrez, es reconocido como el festival literario m\u00e1s importante de la regi\u00f3n centroamericana.<\/p>\n<p>La participaci\u00f3n de los poemas de las ni\u00f1as del Hogar Nuestras Peque\u00f1as Rosas no solo destaca el talento local, sino tambi\u00e9n el compromiso de Honduras con la promoci\u00f3n de su riqueza cultural a nivel internacional. Este reconocimiento subraya la importancia de apoyar y fomentar el arte en todas sus formas desde una edad temprana. \u00a1Un motivo m\u00e1s para sentirnos orgullosos del potencial creativo de nuestros j\u00f3venes!<\/p>\n<p>Fuente: diarioroatan.com<\/p>\n","protected":false},"excerpt":{"rendered":"<p>04.09.2024 Una vez m\u00e1s, Honduras se enorgullece al llevar su voz al escenario literario internacional. En el prestigioso festival Centroam\u00e9rica Cuenta 2024, el pa\u00eds destaca con la inclusi\u00f3n de dos videopoemas que resaltan la riqueza cultural y el talento emergente de sus j\u00f3venes creadoras. Los videopoemas titulados \u00abSilencio Gris\u00bb y \u00abEn casa flota una nube\u00bb &hellip;<\/p>\n","protected":false},"author":0,"featured_media":78811,"comment_status":"open","ping_status":"open","sticky":false,"template":"","format":"standard","meta":{"_jetpack_memberships_contains_paid_content":false,"footnotes":""},"categories":[5],"tags":[],"class_list":["post-78810","post","type-post","status-publish","format-standard","has-post-thumbnail","","category-noticias"],"jetpack_sharing_enabled":true,"jetpack_featured_media_url":"https:\/\/mickyandoniehn.com\/radio\/wp-content\/uploads\/2024\/09\/poema-2-750x430-1-vfkX2s.jpeg","_links":{"self":[{"href":"https:\/\/mickyandoniehn.com\/radio\/wp-json\/wp\/v2\/posts\/78810","targetHints":{"allow":["GET"]}}],"collection":[{"href":"https:\/\/mickyandoniehn.com\/radio\/wp-json\/wp\/v2\/posts"}],"about":[{"href":"https:\/\/mickyandoniehn.com\/radio\/wp-json\/wp\/v2\/types\/post"}],"replies":[{"embeddable":true,"href":"https:\/\/mickyandoniehn.com\/radio\/wp-json\/wp\/v2\/comments?post=78810"}],"version-history":[{"count":0,"href":"https:\/\/mickyandoniehn.com\/radio\/wp-json\/wp\/v2\/posts\/78810\/revisions"}],"wp:featuredmedia":[{"embeddable":true,"href":"https:\/\/mickyandoniehn.com\/radio\/wp-json\/wp\/v2\/media\/78811"}],"wp:attachment":[{"href":"https:\/\/mickyandoniehn.com\/radio\/wp-json\/wp\/v2\/media?parent=78810"}],"wp:term":[{"taxonomy":"category","embeddable":true,"href":"https:\/\/mickyandoniehn.com\/radio\/wp-json\/wp\/v2\/categories?post=78810"},{"taxonomy":"post_tag","embeddable":true,"href":"https:\/\/mickyandoniehn.com\/radio\/wp-json\/wp\/v2\/tags?post=78810"}],"curies":[{"name":"wp","href":"https:\/\/api.w.org\/{rel}","templated":true}]}}