{"id":78808,"date":"2024-09-04T12:12:45","date_gmt":"2024-09-04T18:12:45","guid":{"rendered":"http:\/\/mickyandoniehn.com\/radio\/2024\/09\/04\/asi-se-vivio-la-feria-del-maiz-en-danli\/"},"modified":"2024-09-04T12:12:45","modified_gmt":"2024-09-04T18:12:45","slug":"asi-se-vivio-la-feria-del-maiz-en-danli","status":"publish","type":"post","link":"https:\/\/mickyandoniehn.com\/radio\/2024\/09\/04\/asi-se-vivio-la-feria-del-maiz-en-danli\/","title":{"rendered":"As\u00ed se vivi\u00f3 la Feria del Ma\u00edz en Danl\u00ed"},"content":{"rendered":"<h2><\/h2>\n<h2 class=\"wp-block-heading\"><\/h2>\n<p>04.09.2024<\/p>\n<h2 class=\"wp-block-heading\">La ciudad de Danl\u00ed ha sido testigo de una vibrante y colorida celebraci\u00f3n durante esta semana, con motivo de la Feria del Ma\u00edz, un festival nacional que rinde homenaje a uno de los productos m\u00e1s emblem\u00e1ticos de la regi\u00f3n.<\/h2>\n<p>Este evento, que se celebra anualmente a\u00a0<strong>finales de agosto<\/strong>\u00a0en la ciudad hondure\u00f1a, atraj\u00f3 a miles de visitantes que disfrutaron de una variedad de actividades culturales y recreativas en Danl\u00ed.<\/p>\n<p><strong>La Feria del\u00a0<a class=\"google-anno\" href=\"https:\/\/www.oncenoticias.hn\/tendencias\/vida\/arte-cultura\/asi-se-vivio-la-feria-del-maiz-en-danli-honduras-2024\/#\">\u00a0<span class=\"google-anno-t\">Ma\u00edz<\/span><\/a>\u00a0<\/strong>ha ofrecido una programaci\u00f3n repleta de entretenimiento y tradiciones, uno de los momentos m\u00e1s destacados han sido los\u00a0<strong>desfiles de carrozas<\/strong>, donde las calles se han transformado en un desfile de creatividad y alegr\u00eda.<\/p>\n<h4 class=\"wp-block-heading\">\u00a0Lea Tambi\u00e9n:\u00a0<a href=\"https:\/\/oncenoticias.hn\/on\/rostros-bellos-palillonas-desfiles-2024-15-septiembre-central-milla-selva\/\">Los rostros m\u00e1s bellos de las palillonas en los desfiles 2024<\/a><\/h4>\n<\/p>\n<h4 class=\"wp-block-heading\">La m\u00fasica ha sido otro de los grandes protagonistas del festival<\/h4>\n<p>Con una serie de\u00a0<strong>m\u00fasica en vivo<\/strong>, la feria ha vibrado al ritmo de diversos grupos musicales que han brindado presentaciones llenas de energ\u00eda y ritmo.<\/p>\n<p>No ha faltado la cabalgata h\u00edpica, una muestra impresionante de habilidad y elegancia, que ha cautivado a los asistentes con su desfile de caballos y jinetes en un ambiente festivo.<\/p>\n<p>Adem\u00e1s, los emprendedores locales han tenido la oportunidad de exhibir sus productos y talentos en varios stands, ofreciendo a los visitantes una muestra de la creatividad y el esp\u00edritu empresarial de la regi\u00f3n.<\/p>\n<h4 class=\"wp-block-heading\">\u00a0Lea Tambi\u00e9n:\u00a0<a href=\"https:\/\/oncenoticias.hn\/tendencias\/andrea-rivas-la-talentosa-palillona-del-instituto-cosme-garcia-de-danli-que-deslumbra-con-su-elegancia\/\">Andrea Rivas, la talentosa palillona del Instituto Cosme Garc\u00eda de Danl\u00ed que deslumbra con su elegancia<\/a><\/h4>\n<p>La Feria del Ma\u00edz en Danl\u00ed ha sido un \u00e9xito, celebrando la riqueza cultural y el valor del\u00a0<a class=\"google-anno\" href=\"https:\/\/www.oncenoticias.hn\/tendencias\/vida\/arte-cultura\/asi-se-vivio-la-feria-del-maiz-en-danli-honduras-2024\/#\">\u00a0<span class=\"google-anno-t\">ma\u00edz<\/span><\/a>\u00a0con una serie de actividades que han unido a la comunidad y encantado a los visitantes.<\/p>\n<p>Fuente OnceNoticias<\/p>\n","protected":false},"excerpt":{"rendered":"<p>04.09.2024 La ciudad de Danl\u00ed ha sido testigo de una vibrante y colorida celebraci\u00f3n durante esta semana, con motivo de la Feria del Ma\u00edz, un festival nacional que rinde homenaje a uno de los productos m\u00e1s emblem\u00e1ticos de la regi\u00f3n. Este evento, que se celebra anualmente a\u00a0finales de agosto\u00a0en la ciudad hondure\u00f1a, atraj\u00f3 a miles &hellip;<\/p>\n","protected":false},"author":0,"featured_media":78809,"comment_status":"open","ping_status":"open","sticky":false,"template":"","format":"standard","meta":{"_jetpack_memberships_contains_paid_content":false,"footnotes":""},"categories":[5],"tags":[],"class_list":["post-78808","post","type-post","status-publish","format-standard","has-post-thumbnail","","category-noticias"],"jetpack_sharing_enabled":true,"jetpack_featured_media_url":"https:\/\/mickyandoniehn.com\/radio\/wp-content\/uploads\/2024\/09\/18-spz8v2.jpeg","_links":{"self":[{"href":"https:\/\/mickyandoniehn.com\/radio\/wp-json\/wp\/v2\/posts\/78808","targetHints":{"allow":["GET"]}}],"collection":[{"href":"https:\/\/mickyandoniehn.com\/radio\/wp-json\/wp\/v2\/posts"}],"about":[{"href":"https:\/\/mickyandoniehn.com\/radio\/wp-json\/wp\/v2\/types\/post"}],"replies":[{"embeddable":true,"href":"https:\/\/mickyandoniehn.com\/radio\/wp-json\/wp\/v2\/comments?post=78808"}],"version-history":[{"count":0,"href":"https:\/\/mickyandoniehn.com\/radio\/wp-json\/wp\/v2\/posts\/78808\/revisions"}],"wp:featuredmedia":[{"embeddable":true,"href":"https:\/\/mickyandoniehn.com\/radio\/wp-json\/wp\/v2\/media\/78809"}],"wp:attachment":[{"href":"https:\/\/mickyandoniehn.com\/radio\/wp-json\/wp\/v2\/media?parent=78808"}],"wp:term":[{"taxonomy":"category","embeddable":true,"href":"https:\/\/mickyandoniehn.com\/radio\/wp-json\/wp\/v2\/categories?post=78808"},{"taxonomy":"post_tag","embeddable":true,"href":"https:\/\/mickyandoniehn.com\/radio\/wp-json\/wp\/v2\/tags?post=78808"}],"curies":[{"name":"wp","href":"https:\/\/api.w.org\/{rel}","templated":true}]}}