{"id":78804,"date":"2024-09-04T11:12:39","date_gmt":"2024-09-04T17:12:39","guid":{"rendered":"http:\/\/mickyandoniehn.com\/radio\/2024\/09\/04\/daniel-ortega-defiende-a-nicolas-maduro-tras-confiscacion-del-avion-venezolano-por-eeuu\/"},"modified":"2024-09-04T11:12:39","modified_gmt":"2024-09-04T17:12:39","slug":"daniel-ortega-defiende-a-nicolas-maduro-tras-confiscacion-del-avion-venezolano-por-eeuu","status":"publish","type":"post","link":"https:\/\/mickyandoniehn.com\/radio\/2024\/09\/04\/daniel-ortega-defiende-a-nicolas-maduro-tras-confiscacion-del-avion-venezolano-por-eeuu\/","title":{"rendered":"Daniel Ortega defiende a Nicol\u00e1s Maduro tras confiscaci\u00f3n del avi\u00f3n venezolano por EEUU"},"content":{"rendered":"<p>\u00a0<\/p>\n<\/p>\n<p>04.09.2024<\/p>\n<p>El presidente de Nicaragua, Daniel Ortega, expres\u00f3 este lunes su solidaridad con su aliado y hom\u00f3logo de Venezuela, Nicol\u00e1s Maduro, por la confiscaci\u00f3n del avi\u00f3n oficial del mandatario venezolano realizada por las autoridades de Estados Unidos basada en las sanciones aplicadas por Washington a Caracas.<\/p>\n<p>Durante un acto en ocasi\u00f3n del 45 aniversario del Ej\u00e9rcito de Nicaragua, Ortega dijo que \u201cen nuestra Am\u00e9rica Latina estamos frente a una embestida del imperio norteamericano, queriendo derrocar gobiernos simplemente porque no se les someten\u201d.<\/p>\n<p>\u201cY vemos c\u00f3mo han actuado y sigue actuando en contra de la hermana Rep\u00fablica Bolivariana de Venezuela\u201d, agreg\u00f3.<\/p>\n<p>El departamento de Justicia estadounidense inform\u00f3 que la aeronave fue incautada en la Rep\u00fablica Dominicana -con la asistencia de las autoridades del pa\u00eds- y transferida a Florida por haber sido \u201ccomprada ilegalmente\u201d por 13 millones de d\u00f3lares \u201ca trav\u00e9s de una empresa fantasma y sacada de contrabando de los Estados Unidos para su uso por parte de Nicol\u00e1s Maduro\u201d.<\/p>\n<p><a href=\"https:\/\/i0.wp.com\/hondudiario.com\/wp-content\/uploads\/2024\/09\/Nicolas-Maduro_-Aviones_-EEUU_-Sanciones-4-scaled.jpg?ssl=1\"><\/a><\/p>\n<p>En agosto de 2019, el presidente de Estados Unidos, Joe Biden, emiti\u00f3 una orden ejecutiva que proh\u00edbe a los ciudadanos estadounidenses participar en transacciones con personas que hayan actuado o pretendido actuar directa o indirectamente para o en nombre del Gobierno de Venezuela.<\/p>\n<p>En su discurso Ortega le dijo a Maduro: \u201cEstamos con el pueblo bolivariano, que estamos en contra de las agresiones sistem\u00e1ticas que se vienen cometiendo contra el pueblo venezolano\u201d.<\/p>\n<p>\u201cEl pueblo venezolano quiere paz y quieren convertirlo en un infierno simplemente para robarle el petr\u00f3leo a Venezuela\u201d, continu\u00f3 el dirigente sandinista, para quien \u201cesa ha sido la pr\u00e1ctica de los imperialistas\u201d.<\/p>\n<p>El Ejecutivo venezolano consider\u00f3 que \u201cesta no es una acci\u00f3n aislada\u201d, sino que \u201cforma parte de una escalada de acciones contra el Gobierno\u201d, tras las elecciones del 28 de julio, cuyo resultado oficial dio la victoria a Maduro, lo que no ha sido reconocido por numerosos pa\u00edses, toda vez que la oposici\u00f3n mayoritaria ha denunciado que hubo fraude y se adjudica la victoria.<\/p>\n<p><a href=\"https:\/\/i2.wp.com\/hondudiario.com\/wp-content\/uploads\/2024\/09\/Nicolas-Maduro_-Aviones_-EEUU_-Sanciones-1-scaled.jpg?ssl=1\"><\/a><\/p>\n<p>Adem\u00e1s de calificar la incautaci\u00f3n del avi\u00f3n de \u201cpirater\u00eda\u201d, el comunicado de Caracas afirm\u00f3 que \u201cse reserva el derecho de emprender cualquier acci\u00f3n legal para reparar este da\u00f1o a la naci\u00f3n, as\u00ed como todos los otros da\u00f1os causados por la pol\u00edtica criminal\u201d de Washington.<\/p>\n<p>Los Gobiernos de Managua y Caracas son estrechos aliados pol\u00edticos y econ\u00f3micos desde la llegada al poder de la llamada revoluci\u00f3n bolivariana, en 1999, liderada por Hugo Ch\u00e1vez.<\/p>\n<p>Nicaragua fue uno de los primeros pa\u00edses en reconocer el triunfo de Maduro en los comicios presidenciales del 28 de julio, decretado por el Consejo Nacional Electoral (CNE) a pesar de las protestas en contra.<\/p>\n<p>Fuente: HonduDiario<\/p>\n","protected":false},"excerpt":{"rendered":"<p>\u00a0 04.09.2024 El presidente de Nicaragua, Daniel Ortega, expres\u00f3 este lunes su solidaridad con su aliado y hom\u00f3logo de Venezuela, Nicol\u00e1s Maduro, por la confiscaci\u00f3n del avi\u00f3n oficial del mandatario venezolano realizada por las autoridades de Estados Unidos basada en las sanciones aplicadas por Washington a Caracas. Durante un acto en ocasi\u00f3n del 45 aniversario &hellip;<\/p>\n","protected":false},"author":0,"featured_media":78805,"comment_status":"open","ping_status":"open","sticky":false,"template":"","format":"standard","meta":{"_jetpack_memberships_contains_paid_content":false,"footnotes":""},"categories":[5],"tags":[],"class_list":["post-78804","post","type-post","status-publish","format-standard","has-post-thumbnail","","category-noticias"],"jetpack_sharing_enabled":true,"jetpack_featured_media_url":"https:\/\/mickyandoniehn.com\/radio\/wp-content\/uploads\/2024\/09\/13-wbH1G8.jpeg","_links":{"self":[{"href":"https:\/\/mickyandoniehn.com\/radio\/wp-json\/wp\/v2\/posts\/78804","targetHints":{"allow":["GET"]}}],"collection":[{"href":"https:\/\/mickyandoniehn.com\/radio\/wp-json\/wp\/v2\/posts"}],"about":[{"href":"https:\/\/mickyandoniehn.com\/radio\/wp-json\/wp\/v2\/types\/post"}],"replies":[{"embeddable":true,"href":"https:\/\/mickyandoniehn.com\/radio\/wp-json\/wp\/v2\/comments?post=78804"}],"version-history":[{"count":0,"href":"https:\/\/mickyandoniehn.com\/radio\/wp-json\/wp\/v2\/posts\/78804\/revisions"}],"wp:featuredmedia":[{"embeddable":true,"href":"https:\/\/mickyandoniehn.com\/radio\/wp-json\/wp\/v2\/media\/78805"}],"wp:attachment":[{"href":"https:\/\/mickyandoniehn.com\/radio\/wp-json\/wp\/v2\/media?parent=78804"}],"wp:term":[{"taxonomy":"category","embeddable":true,"href":"https:\/\/mickyandoniehn.com\/radio\/wp-json\/wp\/v2\/categories?post=78804"},{"taxonomy":"post_tag","embeddable":true,"href":"https:\/\/mickyandoniehn.com\/radio\/wp-json\/wp\/v2\/tags?post=78804"}],"curies":[{"name":"wp","href":"https:\/\/api.w.org\/{rel}","templated":true}]}}