{"id":78800,"date":"2024-09-04T11:12:35","date_gmt":"2024-09-04T17:12:35","guid":{"rendered":"http:\/\/mickyandoniehn.com\/radio\/2024\/09\/04\/estadio-nacional-ya-cuenta-con-nuevas-graderias-en-el-sector-de-sol-centro\/"},"modified":"2024-09-04T11:12:35","modified_gmt":"2024-09-04T17:12:35","slug":"estadio-nacional-ya-cuenta-con-nuevas-graderias-en-el-sector-de-sol-centro","status":"publish","type":"post","link":"https:\/\/mickyandoniehn.com\/radio\/2024\/09\/04\/estadio-nacional-ya-cuenta-con-nuevas-graderias-en-el-sector-de-sol-centro\/","title":{"rendered":"Estadio Nacional ya cuenta con nuevas grader\u00edas en el sector de Sol Centro"},"content":{"rendered":"<\/p>\n<p>04.09.2024<\/p>\n<p>El\u00a0<strong>estadio Nacional Chelato Ucl\u00e9s de Tegucigalpa<\/strong>\u00a0sigue experimentando mejoras en su infraestructura y muestra de ello son las nuevas grader\u00edas que la Comisi\u00f3n Nacional de Deportes, Educaci\u00f3n F\u00edsica y Recreaci\u00f3n (<strong>Condepor<\/strong>) comenz\u00f3 a instalarse en el sector de\u00a0<strong>Sol Centro.<\/strong><\/p>\n<p><em>Jorge Ferm\u00e1n<\/em>, del staff de<strong>\u00a0Deportes TVC,<\/strong>\u00a0mostr\u00f3 a trav\u00e9s de un Facebook Live el proceso de colocaci\u00f3n de las primeras grader\u00edas de concreto en esa zona del estadio donde hoy en d\u00eda est\u00e1 en construcci\u00f3n.<\/p>\n<div class=\"row text-left d-flex w-100 justify-content-center\">\n<div class=\"col-md-12 d-flex w-100 justify-content-center\">\n<div class=\"text-center 1625721223836-0estadion-nacional-tiene-nuevas-gradas-en-el-sector-de-sol-centro-2024-09-03\">\n<div class=\"justify-content-center w-100 banner350\"><\/div>\n<\/div>\n<\/div>\n<\/div>\n<p>A la fecha se han colocado cerca de 36 gradas y ya hay completas cuatro columnas sobre las cu\u00e1les se instalar\u00e1n las restantes y se espera que todos los trabajos finalicen en diciembre.<\/p>\n<p>Posteriormente se instalarian las nueve mil butacas y el techo, entre enero y marzo de 2025, que dar\u00edan por terminado el trabajo que inici\u00f3 desde el pasado torneo<strong>\u00a0Clausura 2023-24.<\/strong><\/p>\n<div><\/div>\n<\/p>\n<p>Son 12 vigas serrucho las que se tienen que colocar para que sirvan de base las grader\u00edas nuevas que le dar\u00e1n una nueva imagen al estadio Nacional Chelato Ucl\u00e9s. Adem\u00e1s se han fortalecido las bases en otros sectores.<\/p>\n<p>Cabe recordar que debajo del sector de Sol Centro habr\u00e1 un food court, tiendas y otras atracciones que prometi\u00f3 Condepor para darle otra vida a uno de los sectores m\u00e1s populares.<\/p>\n<p>Fuente Deportes TVC<\/p>\n","protected":false},"excerpt":{"rendered":"<p>04.09.2024 El\u00a0estadio Nacional Chelato Ucl\u00e9s de Tegucigalpa\u00a0sigue experimentando mejoras en su infraestructura y muestra de ello son las nuevas grader\u00edas que la Comisi\u00f3n Nacional de Deportes, Educaci\u00f3n F\u00edsica y Recreaci\u00f3n (Condepor) comenz\u00f3 a instalarse en el sector de\u00a0Sol Centro. Jorge Ferm\u00e1n, del staff de\u00a0Deportes TVC,\u00a0mostr\u00f3 a trav\u00e9s de un Facebook Live el proceso de colocaci\u00f3n &hellip;<\/p>\n","protected":false},"author":0,"featured_media":78801,"comment_status":"open","ping_status":"open","sticky":false,"template":"","format":"standard","meta":{"_jetpack_memberships_contains_paid_content":false,"footnotes":""},"categories":[5],"tags":[],"class_list":["post-78800","post","type-post","status-publish","format-standard","has-post-thumbnail","","category-noticias"],"jetpack_sharing_enabled":true,"jetpack_featured_media_url":"https:\/\/mickyandoniehn.com\/radio\/wp-content\/uploads\/2024\/09\/15-HGoB6s.jpeg","_links":{"self":[{"href":"https:\/\/mickyandoniehn.com\/radio\/wp-json\/wp\/v2\/posts\/78800","targetHints":{"allow":["GET"]}}],"collection":[{"href":"https:\/\/mickyandoniehn.com\/radio\/wp-json\/wp\/v2\/posts"}],"about":[{"href":"https:\/\/mickyandoniehn.com\/radio\/wp-json\/wp\/v2\/types\/post"}],"replies":[{"embeddable":true,"href":"https:\/\/mickyandoniehn.com\/radio\/wp-json\/wp\/v2\/comments?post=78800"}],"version-history":[{"count":0,"href":"https:\/\/mickyandoniehn.com\/radio\/wp-json\/wp\/v2\/posts\/78800\/revisions"}],"wp:featuredmedia":[{"embeddable":true,"href":"https:\/\/mickyandoniehn.com\/radio\/wp-json\/wp\/v2\/media\/78801"}],"wp:attachment":[{"href":"https:\/\/mickyandoniehn.com\/radio\/wp-json\/wp\/v2\/media?parent=78800"}],"wp:term":[{"taxonomy":"category","embeddable":true,"href":"https:\/\/mickyandoniehn.com\/radio\/wp-json\/wp\/v2\/categories?post=78800"},{"taxonomy":"post_tag","embeddable":true,"href":"https:\/\/mickyandoniehn.com\/radio\/wp-json\/wp\/v2\/tags?post=78800"}],"curies":[{"name":"wp","href":"https:\/\/api.w.org\/{rel}","templated":true}]}}