{"id":78798,"date":"2024-09-04T11:12:33","date_gmt":"2024-09-04T17:12:33","guid":{"rendered":"http:\/\/mickyandoniehn.com\/radio\/2024\/09\/04\/cerrara-operaciones-la-embajada-de-estados-unidos-en-honduras-esto-se-sabe\/"},"modified":"2024-09-04T11:12:33","modified_gmt":"2024-09-04T17:12:33","slug":"cerrara-operaciones-la-embajada-de-estados-unidos-en-honduras-esto-se-sabe","status":"publish","type":"post","link":"https:\/\/mickyandoniehn.com\/radio\/2024\/09\/04\/cerrara-operaciones-la-embajada-de-estados-unidos-en-honduras-esto-se-sabe\/","title":{"rendered":"\u00bfCerrar\u00e1 operaciones la embajada de Estados Unidos en Honduras? Esto se sabe"},"content":{"rendered":"<p>\u00a0<\/p>\n<\/p>\n<p>04.09.2024<\/p>\n<p>La embajada de Estados Unidos en\u00a0<a class=\"google-anno\" href=\"https:\/\/www.oncenoticias.hn\/nacionales\/embajada-de-estados-unidos-en-honduras-cierre-de-operaciones\/#\">\u00a0<span class=\"google-anno-t\">Honduras<\/span><\/a>\u00a0desminti\u00f3 los rumores sobre un supuesto cierre de sus operaciones, asegurando que la informaci\u00f3n que circula es falsa.<\/p>\n<p>En un comunicado publicado en su cuenta de X, la oficina diplom\u00e1tica estadounidense reafirm\u00f3 que sus actividades en Honduras contin\u00faan con normalidad.<\/p>\n<h4 class=\"wp-block-heading\">\u00a0Lea Tambi\u00e9n:\u00a0<a href=\"https:\/\/oncenoticias.hn\/nacionales\/autoridades-aseguran-que-extradiciones-podrian-continuar-pese-a-la-denuncia-del-tratado-de-extradicion\/\" target=\"_blank\" rel=\"noopener\">Autoridades aseguran que extradiciones podr\u00edan continuar pese a la denuncia del Tratado de Extradici\u00f3n<\/a><\/h4>\n<p>Destac\u00f3 que las noticias sobre un posible cierre son incorrectas y subray\u00f3 su compromiso de fortalecer las relaciones bilaterales entre Estados Unidos y Honduras.<\/p>\n<p>\u201cAtenci\u00f3n! Circulan noticias falsas sobre un supuesto cierre de operaciones de la Embajada de EE.UU. en Honduras. Queremos aclarar que esto no es cierto. La Embajada sigue y seguir\u00e1 operando normalmente, continuando nuestro compromiso de fortalecer las relaciones entre\u00a0EEUU y Honduras. Mant\u00e9nganse informados a trav\u00e9s de nuestros canales oficiales\u201d, publico la embajada nortemaricana.<\/p>\n<div class=\"twitter-tweet twitter-tweet-rendered\"><\/div>\n<p>Este comunicado llega en medio de una reciente tensi\u00f3n diplom\u00e1tica entre el Gobierno de Honduras y la embajadora estadounidense en Honduras, Laura Dogu.<\/p>\n<p>La controversia surgi\u00f3 el mi\u00e9rcoles 28 de agosto, cuando la presidenta de Honduras, Xiomara Castro, decidi\u00f3 denunciar el Tratado de Extradici\u00f3n con Estados Unidos.<\/p>\n<p>El canciller Eduardo Enrique Reina explic\u00f3 que la denuncia al Tratado responde al temor de que este acuerdo se utilice como una \u201carma pol\u00edtica\u201d para extraditar a altos funcionarios o militares hondure\u00f1os por razones que calific\u00f3 de \u201cpuramente pol\u00edticas\u201d.<\/p>\n<p>Fuente Once Noticias<\/p>\n","protected":false},"excerpt":{"rendered":"<p>\u00a0 04.09.2024 La embajada de Estados Unidos en\u00a0\u00a0Honduras\u00a0desminti\u00f3 los rumores sobre un supuesto cierre de sus operaciones, asegurando que la informaci\u00f3n que circula es falsa. En un comunicado publicado en su cuenta de X, la oficina diplom\u00e1tica estadounidense reafirm\u00f3 que sus actividades en Honduras contin\u00faan con normalidad. \u00a0Lea Tambi\u00e9n:\u00a0Autoridades aseguran que extradiciones podr\u00edan continuar pese &hellip;<\/p>\n","protected":false},"author":0,"featured_media":78799,"comment_status":"open","ping_status":"open","sticky":false,"template":"","format":"standard","meta":{"_jetpack_memberships_contains_paid_content":false,"footnotes":""},"categories":[5],"tags":[],"class_list":["post-78798","post","type-post","status-publish","format-standard","has-post-thumbnail","","category-noticias"],"jetpack_sharing_enabled":true,"jetpack_featured_media_url":"https:\/\/mickyandoniehn.com\/radio\/wp-content\/uploads\/2024\/09\/Captura-yBgksw.png","_links":{"self":[{"href":"https:\/\/mickyandoniehn.com\/radio\/wp-json\/wp\/v2\/posts\/78798","targetHints":{"allow":["GET"]}}],"collection":[{"href":"https:\/\/mickyandoniehn.com\/radio\/wp-json\/wp\/v2\/posts"}],"about":[{"href":"https:\/\/mickyandoniehn.com\/radio\/wp-json\/wp\/v2\/types\/post"}],"replies":[{"embeddable":true,"href":"https:\/\/mickyandoniehn.com\/radio\/wp-json\/wp\/v2\/comments?post=78798"}],"version-history":[{"count":0,"href":"https:\/\/mickyandoniehn.com\/radio\/wp-json\/wp\/v2\/posts\/78798\/revisions"}],"wp:featuredmedia":[{"embeddable":true,"href":"https:\/\/mickyandoniehn.com\/radio\/wp-json\/wp\/v2\/media\/78799"}],"wp:attachment":[{"href":"https:\/\/mickyandoniehn.com\/radio\/wp-json\/wp\/v2\/media?parent=78798"}],"wp:term":[{"taxonomy":"category","embeddable":true,"href":"https:\/\/mickyandoniehn.com\/radio\/wp-json\/wp\/v2\/categories?post=78798"},{"taxonomy":"post_tag","embeddable":true,"href":"https:\/\/mickyandoniehn.com\/radio\/wp-json\/wp\/v2\/tags?post=78798"}],"curies":[{"name":"wp","href":"https:\/\/api.w.org\/{rel}","templated":true}]}}