{"id":78794,"date":"2024-09-04T10:12:35","date_gmt":"2024-09-04T16:12:35","guid":{"rendered":"http:\/\/mickyandoniehn.com\/radio\/2024\/09\/04\/los-continentes-se-volveran-a-unir-y-habra-un-solo-oceano-segun-geologo-espanol\/"},"modified":"2024-09-04T10:12:35","modified_gmt":"2024-09-04T16:12:35","slug":"los-continentes-se-volveran-a-unir-y-habra-un-solo-oceano-segun-geologo-espanol","status":"publish","type":"post","link":"https:\/\/mickyandoniehn.com\/radio\/2024\/09\/04\/los-continentes-se-volveran-a-unir-y-habra-un-solo-oceano-segun-geologo-espanol\/","title":{"rendered":"Los continentes se volver\u00e1n a unir y habr\u00e1 un solo oc\u00e9ano, seg\u00fan ge\u00f3logo espa\u00f1ol"},"content":{"rendered":"<\/p>\n<p>04.09.2024<\/p>\n<p>EFE- Los continentes volver\u00e1n a unirse y habr\u00e1 solo un gran oc\u00e9ano global, asegura el ge\u00f3logo espa\u00f1ol Javier Hern\u00e1ndez-Molina, que presenta este martes sus investigaciones sobre los fondos marinos en un congreso que re\u00fane a m\u00e1s de 1.000 investigadores y cient\u00edficos en la ciudad italiana de Bari (sur).<\/p>\n<p>\u00abLos modelos demuestran que los continentes se van a ir uniendo progresivamente\u00bb, muchos de los oc\u00e9anos actuales desaparecer\u00e1n y habr\u00e1 \u00abun gran oc\u00e9ano global\u00bb, se\u00f1ala a EFE el experto que estudia la influencia de la circulaci\u00f3n oce\u00e1nica en la sedimentaci\u00f3n marina desde hace m\u00e1s de 20 a\u00f1os.<\/p>\n<p>Algo que a \u00abescala humana no va tener una implantaci\u00f3n obviamente a corto plazo\u00bb, dado que se trata de un cambio durante largo periodo en escala geol\u00f3gica, aclara el cient\u00edfico del Instituto Andaluz de Ciencias de la Tierra, en la localidad espa\u00f1ola de Granada.<\/p>\n<p>\u00a0<\/p>\n<h2>Un mill\u00f3n de a\u00f1os no es nada<\/h2>\n<p>La influencia de las corrientes oce\u00e1nicas en el relieve oce\u00e1nico \u00abes muy grande\u00bb, asevera el cient\u00edfico, al explicar que el patr\u00f3n actual de circulaci\u00f3n de las corrientes va de las zonas polares a las zonas ecuatoriales, un modelo \u00abmuy reciente\u00bb que termin\u00f3 de formarse hace unos 2,5 millones de a\u00f1os.<\/p>\n<p>\u00abA lo mejor un mill\u00f3n de a\u00f1os suena muy largo para los que no son especialistas, pero realmente en escala geol\u00f3gica no es nada\u00bb, explica.<\/p>\n<p>H\u00e9rnandez-Molina ha analizado diversas cuencas oce\u00e1nicas alrededor del planeta, como en Canad\u00e1, Sud\u00e1frica, o Australia, a diferentes profundidades, desde fondos marinos cerca de la plataforma a 120 metros hasta cuencas oce\u00e1nicas de 5.000, 8.000 o 10.000 metros.<\/p>\n<p>Los dep\u00f3sitos que ha analizado son de diferentes \u00e9pocas, desde el Jur\u00e1sico hasta nuestros d\u00edas, para as\u00ed comprender la influencia de las corrientes marinas en el relieve oce\u00e1nico tanto en el pasado como en el futuro.<\/p>\n<p>Adem\u00e1s, en estos estudios tambi\u00e9n se han analizado sedimentos emergidos a la tierra por la deformaci\u00f3n tect\u00f3nica en lugares como Chipre, Marruecos o Angola para \u00abpoder hacer un estudio m\u00e1s completo\u00bb.<\/p>\n<p>\u00a0<\/p>\n<h2>El 3D revoluciona la imagen de los oc\u00e9anos<\/h2>\n<p>Durante estas investigaciones se han realizado im\u00e1genes del fondo marino en 3D, que se podr\u00e1n ver en el Congreso de Bari, con un sistema de ecosondas que env\u00edan se\u00f1ales ac\u00fasticas y en base al tiempo que recorren en el agua determinan la profundidad y reflejan el relieve.<\/p>\n<p>Esta t\u00e9cnica \u00abest\u00e1 cambiando completamente la idea que ten\u00edamos de los oc\u00e9anos\u00bb, subraya el ge\u00f3logo, que ha impartido clases de geolog\u00eda sedimentaria en la Royal Holloway University de Londres.<\/p>\n<p>\u00abSe han encontrado recursos que son \u00fatiles para la humanidad\u00bb, como yacimientos de gas y de petr\u00f3leo, as\u00ed como para introducir CO2, \u00abalgo en lo que ahora mismo las empresas est\u00e1n muy interesadas\u00bb.<\/p>\n<p>Hern\u00e1ndez-Molina tambi\u00e9n se refiere a la influencia de la actividad humana en el clima y en las corrientes, con efectos a corto plazo, como por ejemplo \u00abel calentamiento global antr\u00f3pico\u00bb, que \u00abest\u00e1 cambiando el volumen de producci\u00f3n de las aguas profundas que se forman en el \u00c1rtico y el Atl\u00e1ntico\u00bb.<\/p>\n<p>\u00abEsa masa de agua es uno de los elementos que enfr\u00edan el planeta y enfr\u00edan las cuencas oce\u00e1nicas\u00bb, asegura, al destacar que esto no es una hip\u00f3tesis sino algo que est\u00e1 comprobado desde hace a\u00f1os.<\/p>\n<p>\u00abSe est\u00e1 generando menos agua profunda\u00bb y como consecuencia, los oc\u00e9anos cada vez son m\u00e1s \u00e1cidos, a\u00f1ade.<\/p>\n<p>El ge\u00f3logo espa\u00f1ol participa en el congreso nacional \u2018Geology for a sustainable management of our planet\u2019 en Bari, un encuentro con un efecto did\u00e1ctico y divulgativo \u00absobre todo para los j\u00f3venes que est\u00e1 estudiando la carrera o que est\u00e1 pensando en estudiar geolog\u00eda, o la gente curiosa\u00bb.<\/p>\n<p>Fuente: Radio Am\u00e9rica<\/p>\n","protected":false},"excerpt":{"rendered":"<p>04.09.2024 EFE- Los continentes volver\u00e1n a unirse y habr\u00e1 solo un gran oc\u00e9ano global, asegura el ge\u00f3logo espa\u00f1ol Javier Hern\u00e1ndez-Molina, que presenta este martes sus investigaciones sobre los fondos marinos en un congreso que re\u00fane a m\u00e1s de 1.000 investigadores y cient\u00edficos en la ciudad italiana de Bari (sur). \u00abLos modelos demuestran que los continentes &hellip;<\/p>\n","protected":false},"author":0,"featured_media":78795,"comment_status":"open","ping_status":"open","sticky":false,"template":"","format":"standard","meta":{"_jetpack_memberships_contains_paid_content":false,"footnotes":""},"categories":[5],"tags":[],"class_list":["post-78794","post","type-post","status-publish","format-standard","has-post-thumbnail","","category-noticias"],"jetpack_sharing_enabled":true,"jetpack_featured_media_url":"https:\/\/mickyandoniehn.com\/radio\/wp-content\/uploads\/2024\/09\/11-Ect0eR.jpeg","_links":{"self":[{"href":"https:\/\/mickyandoniehn.com\/radio\/wp-json\/wp\/v2\/posts\/78794","targetHints":{"allow":["GET"]}}],"collection":[{"href":"https:\/\/mickyandoniehn.com\/radio\/wp-json\/wp\/v2\/posts"}],"about":[{"href":"https:\/\/mickyandoniehn.com\/radio\/wp-json\/wp\/v2\/types\/post"}],"replies":[{"embeddable":true,"href":"https:\/\/mickyandoniehn.com\/radio\/wp-json\/wp\/v2\/comments?post=78794"}],"version-history":[{"count":0,"href":"https:\/\/mickyandoniehn.com\/radio\/wp-json\/wp\/v2\/posts\/78794\/revisions"}],"wp:featuredmedia":[{"embeddable":true,"href":"https:\/\/mickyandoniehn.com\/radio\/wp-json\/wp\/v2\/media\/78795"}],"wp:attachment":[{"href":"https:\/\/mickyandoniehn.com\/radio\/wp-json\/wp\/v2\/media?parent=78794"}],"wp:term":[{"taxonomy":"category","embeddable":true,"href":"https:\/\/mickyandoniehn.com\/radio\/wp-json\/wp\/v2\/categories?post=78794"},{"taxonomy":"post_tag","embeddable":true,"href":"https:\/\/mickyandoniehn.com\/radio\/wp-json\/wp\/v2\/tags?post=78794"}],"curies":[{"name":"wp","href":"https:\/\/api.w.org\/{rel}","templated":true}]}}