{"id":78782,"date":"2024-09-04T08:12:44","date_gmt":"2024-09-04T14:12:44","guid":{"rendered":"http:\/\/mickyandoniehn.com\/radio\/2024\/09\/04\/luis-palma-en-casa-debemos-dar-un-golpe-de-autoridad\/"},"modified":"2024-09-04T08:12:44","modified_gmt":"2024-09-04T14:12:44","slug":"luis-palma-en-casa-debemos-dar-un-golpe-de-autoridad","status":"publish","type":"post","link":"https:\/\/mickyandoniehn.com\/radio\/2024\/09\/04\/luis-palma-en-casa-debemos-dar-un-golpe-de-autoridad\/","title":{"rendered":"Luis Palma: En casa debemos dar un golpe de autoridad"},"content":{"rendered":"<\/p>\n<p>04.09.2024<\/p>\n<p>El delantero del Celtic de Escocia, Luis Palma, lleg\u00f3 al pa\u00eds atendiendo el llamado del t\u00e9cnico Reinaldo Rueda para los juegos de la Liga de Naciones de la Concacaf.<\/p>\n<div class=\"google-auto-placed ap_container\">\n<p>El ceibe\u00f1o no escondi\u00f3 su alegr\u00eda de estar nuevamente en la selecci\u00f3n, y pidi\u00f3 olvidar lo del fallido pase a la Copa Am\u00e9rica y centrarse en iniciar bien la competencia.<\/p>\n<p>\u00abUn orgullo esta nuevamente aqu\u00ed, ahora esperar hacer las cosas bien el viernes. Ya pas\u00f3 lo de la Copa Am\u00e9rica, nos doli\u00f3 a todos no clasificar. Ahora enfocado en la Nations League y las eliminatorias. \u00abHemos dado buena cara, esto es paso a paso, no podemos decir que estamos para quedar campeones, debemos agarrar fogueo para crecer en lo grupal. Tenemos que dar el golpe de autoridad en casa, esperamos el apoyo de la gente, como selecci\u00f3n tenemos la responsabilidad de ganar\u00bb, dijo a TVC a su llegada.<\/p>\n<p>De los duelos ante Trinidad &amp; Tobago y Jamaica manifest\u00f3 que ser\u00e1 dos encuentros muy dif\u00edciles.<\/p>\n<p>\u00abLa responsabilidad de nosotros es esa, clasificar a un Mundial, ir a una Copa Oro y jugar la Nations League, todos tenemos la misma ilusi\u00f3n\u00bb.<\/p>\n<p>De su actualidad en el Celtic, detall\u00f3 que ha tenido pocos minutos debido a su lesi\u00f3n y porque la competencia en el club es alta.<\/p>\n<p>\u00abHay que tomar en cuenta que me lesion\u00e9, me ha costado un poco regresar, adem\u00e1s, los compa\u00f1eros que est\u00e1n lo hacen bien, a esperar la oportunidad que se vuelva a dar\u201d.<\/p>\n<p>Fuente: La Tribuna<\/p>\n<\/div>\n","protected":false},"excerpt":{"rendered":"<p>04.09.2024 El delantero del Celtic de Escocia, Luis Palma, lleg\u00f3 al pa\u00eds atendiendo el llamado del t\u00e9cnico Reinaldo Rueda para los juegos de la Liga de Naciones de la Concacaf. El ceibe\u00f1o no escondi\u00f3 su alegr\u00eda de estar nuevamente en la selecci\u00f3n, y pidi\u00f3 olvidar lo del fallido pase a la Copa Am\u00e9rica y centrarse &hellip;<\/p>\n","protected":false},"author":0,"featured_media":78783,"comment_status":"open","ping_status":"open","sticky":false,"template":"","format":"standard","meta":{"_jetpack_memberships_contains_paid_content":false,"footnotes":""},"categories":[5],"tags":[],"class_list":["post-78782","post","type-post","status-publish","format-standard","has-post-thumbnail","","category-noticias"],"jetpack_sharing_enabled":true,"jetpack_featured_media_url":"https:\/\/mickyandoniehn.com\/radio\/wp-content\/uploads\/2024\/09\/2-F6SBwu.jpeg","_links":{"self":[{"href":"https:\/\/mickyandoniehn.com\/radio\/wp-json\/wp\/v2\/posts\/78782","targetHints":{"allow":["GET"]}}],"collection":[{"href":"https:\/\/mickyandoniehn.com\/radio\/wp-json\/wp\/v2\/posts"}],"about":[{"href":"https:\/\/mickyandoniehn.com\/radio\/wp-json\/wp\/v2\/types\/post"}],"replies":[{"embeddable":true,"href":"https:\/\/mickyandoniehn.com\/radio\/wp-json\/wp\/v2\/comments?post=78782"}],"version-history":[{"count":0,"href":"https:\/\/mickyandoniehn.com\/radio\/wp-json\/wp\/v2\/posts\/78782\/revisions"}],"wp:featuredmedia":[{"embeddable":true,"href":"https:\/\/mickyandoniehn.com\/radio\/wp-json\/wp\/v2\/media\/78783"}],"wp:attachment":[{"href":"https:\/\/mickyandoniehn.com\/radio\/wp-json\/wp\/v2\/media?parent=78782"}],"wp:term":[{"taxonomy":"category","embeddable":true,"href":"https:\/\/mickyandoniehn.com\/radio\/wp-json\/wp\/v2\/categories?post=78782"},{"taxonomy":"post_tag","embeddable":true,"href":"https:\/\/mickyandoniehn.com\/radio\/wp-json\/wp\/v2\/tags?post=78782"}],"curies":[{"name":"wp","href":"https:\/\/api.w.org\/{rel}","templated":true}]}}