{"id":78778,"date":"2024-09-04T08:12:39","date_gmt":"2024-09-04T14:12:39","guid":{"rendered":"http:\/\/mickyandoniehn.com\/radio\/2024\/09\/04\/eduardo-facusse-a-gobierno-retrocedieron-la-economia-la-democracia-y-la-justicia\/"},"modified":"2024-09-04T08:12:39","modified_gmt":"2024-09-04T14:12:39","slug":"eduardo-facusse-a-gobierno-retrocedieron-la-economia-la-democracia-y-la-justicia","status":"publish","type":"post","link":"https:\/\/mickyandoniehn.com\/radio\/2024\/09\/04\/eduardo-facusse-a-gobierno-retrocedieron-la-economia-la-democracia-y-la-justicia\/","title":{"rendered":"Eduardo Facuss\u00e9 a Gobierno \u00abretrocedieron la econom\u00eda, la democracia y la justicia\u00bb"},"content":{"rendered":"<\/p>\n<p>04.09.2024<\/p>\n<p><strong>Tegucigalpa \u2013<\/strong>\u00a0El pa\u00eds ha retrocedido en muchos aspectos critic\u00f3 este martes el expresidente de la C\u00e1mara de Comercio e Industrias de Cort\u00e9s,\u00a0<strong>Eduardo Facuss\u00e9 Salom\u00f3n<\/strong>.<\/p>\n<p>El empresario acus\u00f3 a la administraci\u00f3n actual, de haber traicionado la confianza que el pueblo les otorg\u00f3 al derrocar lo que se denominaba como una \u00abnarcodictadura\u00bb.<\/p>\n<p>Se uni\u00f3 un pa\u00eds para sacar una narcodictadura y se les entreg\u00f3 el poder y la confianza\u00bb, afirm\u00f3 Facuss\u00e9, subrayando que en lugar de avanzar, el pa\u00eds ha retrocedido en \u00e1reas clave como la econom\u00eda, la democracia y la justicia. El empresario se\u00f1al\u00f3 que el gobierno ha ca\u00eddo en pr\u00e1cticas de nepotismo y soberbia ideol\u00f3gica, elementos que, seg\u00fan \u00e9l, han socavado el progreso del pa\u00eds.<\/p>\n<p>\u201cSe uni\u00f3 un pa\u00eds para sacar una narcodictadura y se les entreg\u00f3 el poder y la confianza. Retrocedieron la econom\u00eda, la democracia y la justicia, con nepotismo y soberbia ideol\u00f3gica\u201d, cito textualmente en su cuenta de X.<\/p>\n<p>Facuss\u00e9 tambi\u00e9n critic\u00f3 la narrativa oficial de culpar a otros por los problemas que enfrenta la naci\u00f3n. \u00abAhora otra vergonzosa narconovela y dicen que son otros los culpables\u00bb, coment\u00f3, haciendo referencia a lo que considera una evasi\u00f3n de responsabilidad por parte de los l\u00edderes actuales.<\/p>\n<p>\u00abBasta de cinismo y mentira. Es lamentable seguir se\u00f1alando conspiraciones y buscando culpables a los problemas de nuestro pa\u00eds, en vez de buscar soluciones e implementarlas\u00bb, a\u00f1adi\u00f3.<\/p>\n<p>Finalmente, el empresario inst\u00f3 al gobierno a tomar medidas concretas y efectivas para mejorar la situaci\u00f3n del pa\u00eds. \u00abNecesitamos hacer respetar la ley, priorizar la producci\u00f3n nacional y rebajar el gasto p\u00fablico innecesario\u00bb, concluy\u00f3, dejando claro que, en su opini\u00f3n, es hora de actuar con decisi\u00f3n y responsabilidad.<\/p>\n<p>fuente: proceso Digital<\/p>\n","protected":false},"excerpt":{"rendered":"<p>04.09.2024 Tegucigalpa \u2013\u00a0El pa\u00eds ha retrocedido en muchos aspectos critic\u00f3 este martes el expresidente de la C\u00e1mara de Comercio e Industrias de Cort\u00e9s,\u00a0Eduardo Facuss\u00e9 Salom\u00f3n. El empresario acus\u00f3 a la administraci\u00f3n actual, de haber traicionado la confianza que el pueblo les otorg\u00f3 al derrocar lo que se denominaba como una \u00abnarcodictadura\u00bb. Se uni\u00f3 un pa\u00eds &hellip;<\/p>\n","protected":false},"author":0,"featured_media":78779,"comment_status":"open","ping_status":"open","sticky":false,"template":"","format":"standard","meta":{"_jetpack_memberships_contains_paid_content":false,"footnotes":""},"categories":[5],"tags":[],"class_list":["post-78778","post","type-post","status-publish","format-standard","has-post-thumbnail","","category-noticias"],"jetpack_sharing_enabled":true,"jetpack_featured_media_url":"https:\/\/mickyandoniehn.com\/radio\/wp-content\/uploads\/2024\/09\/4-EDxWYv.jpeg","_links":{"self":[{"href":"https:\/\/mickyandoniehn.com\/radio\/wp-json\/wp\/v2\/posts\/78778","targetHints":{"allow":["GET"]}}],"collection":[{"href":"https:\/\/mickyandoniehn.com\/radio\/wp-json\/wp\/v2\/posts"}],"about":[{"href":"https:\/\/mickyandoniehn.com\/radio\/wp-json\/wp\/v2\/types\/post"}],"replies":[{"embeddable":true,"href":"https:\/\/mickyandoniehn.com\/radio\/wp-json\/wp\/v2\/comments?post=78778"}],"version-history":[{"count":0,"href":"https:\/\/mickyandoniehn.com\/radio\/wp-json\/wp\/v2\/posts\/78778\/revisions"}],"wp:featuredmedia":[{"embeddable":true,"href":"https:\/\/mickyandoniehn.com\/radio\/wp-json\/wp\/v2\/media\/78779"}],"wp:attachment":[{"href":"https:\/\/mickyandoniehn.com\/radio\/wp-json\/wp\/v2\/media?parent=78778"}],"wp:term":[{"taxonomy":"category","embeddable":true,"href":"https:\/\/mickyandoniehn.com\/radio\/wp-json\/wp\/v2\/categories?post=78778"},{"taxonomy":"post_tag","embeddable":true,"href":"https:\/\/mickyandoniehn.com\/radio\/wp-json\/wp\/v2\/tags?post=78778"}],"curies":[{"name":"wp","href":"https:\/\/api.w.org\/{rel}","templated":true}]}}