{"id":78764,"date":"2024-09-03T20:14:57","date_gmt":"2024-09-04T02:14:57","guid":{"rendered":"http:\/\/mickyandoniehn.com\/radio\/2024\/09\/03\/microsoft-anadio-por-error-una-opcion-para-desinstalar-la-polemica-caracteristica-recall-de-windows-11-por-error\/"},"modified":"2024-09-03T20:14:57","modified_gmt":"2024-09-04T02:14:57","slug":"microsoft-anadio-por-error-una-opcion-para-desinstalar-la-polemica-caracteristica-recall-de-windows-11-por-error","status":"publish","type":"post","link":"https:\/\/mickyandoniehn.com\/radio\/2024\/09\/03\/microsoft-anadio-por-error-una-opcion-para-desinstalar-la-polemica-caracteristica-recall-de-windows-11-por-error\/","title":{"rendered":"Microsoft a\u00f1adi\u00f3 por error una opci\u00f3n para desinstalar la pol\u00e9mica caracter\u00edstica Recall de Windows 11. Por error"},"content":{"rendered":"<\/p>\n<p><a href=\"https:\/\/www.xataka.com\/aplicaciones\/recall-caracteristica-prometedora-windows-anos-pregunta-cual-riesgo-para-nuestra-privacidad\">Recall<\/a>, la \u201c<strong>memoria fotogr\u00e1fica<\/strong>\u201d de las\u00a0<a href=\"https:\/\/www.xataka.com\/ordenadores\/microsoft-presenta-copilot-ia-que-llega-a-windows-tendra-ordenadores-su-propia-denominacion\">PC Copilot+<\/a>\u00a0con\u00a0<a href=\"https:\/\/www.xataka.com\/basics\/windows-11-novedades-fecha-salida-precio-toda-informacion\">Windows 11<\/a>, apareci\u00f3 el pasado mes de mayo como una de las novedades m\u00e1s interesantes de Microsoft en a\u00f1os. Sin embargo, una secuencia de decisiones desacertadas y errores cometidos por la empresa de Redmond acabaron ensombreciendo lo que podr\u00eda haber sido un lanzamiento exitoso.<\/p>\n<p>Poco despu\u00e9s del anuncio,\u00a0<a href=\"https:\/\/www.xataka.com\/robotica-e-ia\/windows-11-recall-polemica-experto-asegura-que-esta-opcion-ia-desastre-ciberseguridad\">algunos expertos en seguridad inform\u00e1tica alzaron la voz de alarma<\/a>. Recall no proteg\u00eda de manera efectiva los datos que recopilada dentro del ordenador para funcionar. En medio de la pol\u00e9mica, Microsoft puso en marcha una serie de cambios y retras\u00f3 su llegada a los ordenadores compatibles. Ahora ha surgido una pregunta sobre la herramienta.<\/p>\n<h2>\u00bfPodremos desinstalar Recall completamente?<\/h2>\n<p>Aunque t\u00e9cnicamente Recall puede funcionar en cualquier ordenador con Windows 11, Microsoft ha decidido que esta caracter\u00edstica sea exclusiva de los equipos Copilot+ con IA. Una vez que esta caracter\u00edstica empiece a llegar a los usuarios no est\u00e1 claro si se podr\u00e1\u00a0<strong>desinstalar completamente<\/strong>. La inc\u00f3gnita surge despu\u00e9s de un\u00a0<a href=\"https:\/\/www.deskmodder.de\/blog\/2024\/08\/22\/microsoft-schiebt-recall-preview-noch-einmal-in-die-windows-11-insider\/\">descubrimiento del sitio alem\u00e1n Deskmodder<\/a>.<\/p>\n<p>Despu\u00e9s de instalar la actualizaci\u00f3n opcional KB5041865, el equipo del mencionado medio descubri\u00f3 que en \u201c<strong>Activar o desactivar caracter\u00edsticas de Windows<\/strong>\u201d aparec\u00eda Recall. En un primer momento pensaron en que la compa\u00f1\u00eda liderada por Satya Nadella permitir\u00eda quitar completamente Recall desde este apartado, pero toda ilusi\u00f3n aparentemente fue en vano.<\/p>\n<div class=\"article-asset-image article-asset-normal article-asset-center\">\n<div class=\"asset-content\">\n<div class=\"caption-img \">Recall en \u2018Activar o desactivar las funciones de Windows\u2019 | Deskmodder<\/div>\n<\/div>\n<\/div>\n<p>Brandon LeBlanc, uno de los m\u00e1ximos responsables de productos de Windows,\u00a0<a href=\"https:\/\/www.theverge.com\/2024\/9\/2\/24233992\/microsoft-recall-windows-11-uninstall-feature-bug\">dijo el pasado lunes a The Verge<\/a>: \u00abEstamos al tanto de un problema en el que Recall aparece incorrectamente como una opci\u00f3n en el cuadro de di\u00e1logo \u2018Activar o desactivar las funciones de Windows\u2019 en el Panel de control\u201d. Y a\u00f1adi\u00f3 que solucionar\u00edan este problema \u201cen una pr\u00f3xima actualizaci\u00f3n\u201d.<\/p>\n<div class=\"article-asset-image article-asset-normal article-asset-center\">\n<div class=\"asset-content\"><\/div>\n<\/div>\n<p>As\u00ed que si nos atenemos a las declaraciones oficiales de Microsoft, la posibilidad de activar o desactivar Recall desde Caracter\u00edsticas de Windows\u00a0<strong>no ser\u00e1 una realidad<\/strong>, al menos en este momento. Cabe se\u00f1alar que los usuarios podremos activar o desactivar (no desinstalar) esta caracter\u00edstica de \u201cmemoria fotogr\u00e1fica\u201d desde el apartado Configuraci\u00f3n de Windows 11.<\/p>\n<p>Si bien acabamos de detectar esta referencia a Recall en Windows, la caracter\u00edstica todav\u00eda no aterriza en los ordenadores compatibles con Copilot+. Microsoft dice que liberar\u00e1 la vista previa pr\u00f3ximamente (no hay una fecha definida). Por lo pronto, toca esperar para poder probar de primera mano esta funci\u00f3n despu\u00e9s de los obst\u00e1culos que ha tenido que superar.<\/p>\n","protected":false},"excerpt":{"rendered":"<p>Recall, la \u201cmemoria fotogr\u00e1fica\u201d de las\u00a0PC Copilot+\u00a0con\u00a0Windows 11, apareci\u00f3 el pasado mes de mayo como una de las novedades m\u00e1s interesantes de Microsoft en a\u00f1os. Sin embargo, una secuencia de decisiones desacertadas y errores cometidos por la empresa de Redmond acabaron ensombreciendo lo que podr\u00eda haber sido un lanzamiento exitoso. Poco despu\u00e9s del anuncio,\u00a0algunos expertos &hellip;<\/p>\n","protected":false},"author":0,"featured_media":78765,"comment_status":"open","ping_status":"open","sticky":false,"template":"","format":"standard","meta":{"_jetpack_memberships_contains_paid_content":false,"footnotes":""},"categories":[5],"tags":[],"class_list":["post-78764","post","type-post","status-publish","format-standard","has-post-thumbnail","","category-noticias"],"jetpack_sharing_enabled":true,"jetpack_featured_media_url":"https:\/\/mickyandoniehn.com\/radio\/wp-content\/uploads\/2024\/09\/500_333-kIISRo.jpeg","_links":{"self":[{"href":"https:\/\/mickyandoniehn.com\/radio\/wp-json\/wp\/v2\/posts\/78764","targetHints":{"allow":["GET"]}}],"collection":[{"href":"https:\/\/mickyandoniehn.com\/radio\/wp-json\/wp\/v2\/posts"}],"about":[{"href":"https:\/\/mickyandoniehn.com\/radio\/wp-json\/wp\/v2\/types\/post"}],"replies":[{"embeddable":true,"href":"https:\/\/mickyandoniehn.com\/radio\/wp-json\/wp\/v2\/comments?post=78764"}],"version-history":[{"count":0,"href":"https:\/\/mickyandoniehn.com\/radio\/wp-json\/wp\/v2\/posts\/78764\/revisions"}],"wp:featuredmedia":[{"embeddable":true,"href":"https:\/\/mickyandoniehn.com\/radio\/wp-json\/wp\/v2\/media\/78765"}],"wp:attachment":[{"href":"https:\/\/mickyandoniehn.com\/radio\/wp-json\/wp\/v2\/media?parent=78764"}],"wp:term":[{"taxonomy":"category","embeddable":true,"href":"https:\/\/mickyandoniehn.com\/radio\/wp-json\/wp\/v2\/categories?post=78764"},{"taxonomy":"post_tag","embeddable":true,"href":"https:\/\/mickyandoniehn.com\/radio\/wp-json\/wp\/v2\/tags?post=78764"}],"curies":[{"name":"wp","href":"https:\/\/api.w.org\/{rel}","templated":true}]}}