{"id":78516,"date":"2024-09-02T18:12:52","date_gmt":"2024-09-03T00:12:52","guid":{"rendered":"http:\/\/mickyandoniehn.com\/radio\/2024\/09\/02\/empresarios-hacen-un-llamado-a-proteger-la-democracia-y-la-paz-en-honduras\/"},"modified":"2024-09-02T18:12:52","modified_gmt":"2024-09-03T00:12:52","slug":"empresarios-hacen-un-llamado-a-proteger-la-democracia-y-la-paz-en-honduras","status":"publish","type":"post","link":"https:\/\/mickyandoniehn.com\/radio\/2024\/09\/02\/empresarios-hacen-un-llamado-a-proteger-la-democracia-y-la-paz-en-honduras\/","title":{"rendered":"Empresarios hacen un llamado a proteger la democracia y la paz en Honduras"},"content":{"rendered":"<\/p>\n<p>Tegucigalpa 02.09.2024<\/p>\n<p>El sector empresarial hizo un llamado a proteger la democracia y la paz en Honduras, en el marco del mes de la patria.<\/p>\n<p>Daniel Antonio Fort\u00edn, presidente de la C\u00e1mara de Comercio e Industrias de Tegucigalpa (CCIT), en su discurso dijo que \u201cen el Cohep, creemos en la libertad y la democracia y el poder transformador del trabajo digno\u201d.<\/p>\n<p>Adem\u00e1s, reconoci\u00f3 el esp\u00edritu emprendedor de todos los catrachos que se esfuerzan por hacer crecer sus empresas con lo que aportan al progreso de Honduras.<\/p>\n<p>En ese sentido, dijo que la libertad de empresa no solo es un derecho econ\u00f3mico, es una expresi\u00f3n de la dignidad humana donde los cimientos que se buscan es una sociedad m\u00e1s justa, equitativa y pr\u00f3spera.<\/p>\n<p>Record\u00f3 que hay responsabilidad en cada una de las empresas, pero tambi\u00e9n la responsabilidad empresarial no puede florecer sin la libertad pol\u00edtica, es en la democracia donde encontramos el di\u00e1logo, construcci\u00f3n de consensos y estabilidad, por lo que hoy m\u00e1s que nunca debemos defender la democracia.<\/p>\n<p>\u201cNo podemos permitir que la discordia y divisi\u00f3n sean causas que destruyan lo que se ha construido con tanto esfuerzo\u201d, apunt\u00f3.<\/p>\n<p>Fuente: Proceso Digital<\/p>\n","protected":false},"excerpt":{"rendered":"<p>Tegucigalpa 02.09.2024 El sector empresarial hizo un llamado a proteger la democracia y la paz en Honduras, en el marco del mes de la patria. Daniel Antonio Fort\u00edn, presidente de la C\u00e1mara de Comercio e Industrias de Tegucigalpa (CCIT), en su discurso dijo que \u201cen el Cohep, creemos en la libertad y la democracia y &hellip;<\/p>\n","protected":false},"author":0,"featured_media":0,"comment_status":"open","ping_status":"open","sticky":false,"template":"","format":"standard","meta":{"_jetpack_memberships_contains_paid_content":false,"footnotes":""},"categories":[5],"tags":[],"class_list":["post-78516","post","type-post","status-publish","format-standard","","category-noticias"],"jetpack_sharing_enabled":true,"jetpack_featured_media_url":"","_links":{"self":[{"href":"https:\/\/mickyandoniehn.com\/radio\/wp-json\/wp\/v2\/posts\/78516","targetHints":{"allow":["GET"]}}],"collection":[{"href":"https:\/\/mickyandoniehn.com\/radio\/wp-json\/wp\/v2\/posts"}],"about":[{"href":"https:\/\/mickyandoniehn.com\/radio\/wp-json\/wp\/v2\/types\/post"}],"replies":[{"embeddable":true,"href":"https:\/\/mickyandoniehn.com\/radio\/wp-json\/wp\/v2\/comments?post=78516"}],"version-history":[{"count":0,"href":"https:\/\/mickyandoniehn.com\/radio\/wp-json\/wp\/v2\/posts\/78516\/revisions"}],"wp:attachment":[{"href":"https:\/\/mickyandoniehn.com\/radio\/wp-json\/wp\/v2\/media?parent=78516"}],"wp:term":[{"taxonomy":"category","embeddable":true,"href":"https:\/\/mickyandoniehn.com\/radio\/wp-json\/wp\/v2\/categories?post=78516"},{"taxonomy":"post_tag","embeddable":true,"href":"https:\/\/mickyandoniehn.com\/radio\/wp-json\/wp\/v2\/tags?post=78516"}],"curies":[{"name":"wp","href":"https:\/\/api.w.org\/{rel}","templated":true}]}}