{"id":78513,"date":"2024-09-02T17:12:42","date_gmt":"2024-09-02T23:12:42","guid":{"rendered":"http:\/\/mickyandoniehn.com\/radio\/2024\/09\/02\/con-desfiles-de-preescolar-e-izamiento-de-la-bandera-inicia-mes-patrio-en-honduras\/"},"modified":"2024-09-02T17:12:42","modified_gmt":"2024-09-02T23:12:42","slug":"con-desfiles-de-preescolar-e-izamiento-de-la-bandera-inicia-mes-patrio-en-honduras","status":"publish","type":"post","link":"https:\/\/mickyandoniehn.com\/radio\/2024\/09\/02\/con-desfiles-de-preescolar-e-izamiento-de-la-bandera-inicia-mes-patrio-en-honduras\/","title":{"rendered":"Con desfiles de preescolar e izamiento de la Bandera inicia mes patrio en Honduras"},"content":{"rendered":"<\/p>\n<p>Tegucigalpa 02.09.2024<\/p>\n<p>Alumnos del nivel preescolar salieron este domingo a desfilar en diversas ciudades y pueblos de Honduras para conmemorar el inicio del mes patrio y los 203 a\u00f1os de Independencia.<\/p>\n<p>En Tegucigalpa y Comayag\u00fcela, alumnos de cuadros de honor, palillonas, bandas, pelotones y gobierno infantil salieron a marchar en los desfiles llenos de m\u00fasica y color, convocando a padres de familia, maestros y ciudadanos en general que salieron a presenciar las actividades que llevaron a sus protagonistas varias semanas de preparaci\u00f3n.<\/p>\n<p>Las marchas de este domingo, D\u00eda de la Bandera Nacional de Honduras, coincidieron tambi\u00e9n con los actos oficiales de varias dependencias de Estado en las que desde temprano fue izado el Pabell\u00f3n Nacional.<\/p>\n<p>En el parque Juana La\u00ednez de Tegucigalpa, la presidenta Xiomara Castro encabez\u00f3 los actos conmemorativos junto a invitados especiales la c\u00fapula militar de Honduras, autoridades de la alcald\u00eda municipal y secretar\u00edas de Estado y representantes del cuerpo diplom\u00e1tico acreditado en Honduras, incluyendo a la embajadora de Estados Unidos, Laura Dogu.<\/p>\n<p>Acompa\u00f1aron a la mandataria el fiscal general Johel Zelaya, la presidenta de la Corte Suprema de Justicia, Rebeca R\u00e1quel, y el titular del Congreso Nacional, Luis Redondo.<\/p>\n<p>\u201cPueblo hondure\u00f1o, Fuerzas Armadas, por mi medio la Patria ha depositado en ustedes la sagrada tarea de defender y de cooperar en la seguridad interna\u201d, comenz\u00f3 el discurso de Castro, quien anunci\u00f3 como nueva secretaria de Defensa a Rixi Moncada.<\/p>\n<p>Fuente: Tu Nota<\/p>\n","protected":false},"excerpt":{"rendered":"<p>Tegucigalpa 02.09.2024 Alumnos del nivel preescolar salieron este domingo a desfilar en diversas ciudades y pueblos de Honduras para conmemorar el inicio del mes patrio y los 203 a\u00f1os de Independencia. En Tegucigalpa y Comayag\u00fcela, alumnos de cuadros de honor, palillonas, bandas, pelotones y gobierno infantil salieron a marchar en los desfiles llenos de m\u00fasica &hellip;<\/p>\n","protected":false},"author":0,"featured_media":0,"comment_status":"open","ping_status":"open","sticky":false,"template":"","format":"standard","meta":{"_jetpack_memberships_contains_paid_content":false,"footnotes":""},"categories":[5],"tags":[],"class_list":["post-78513","post","type-post","status-publish","format-standard","","category-noticias"],"jetpack_sharing_enabled":true,"jetpack_featured_media_url":"","_links":{"self":[{"href":"https:\/\/mickyandoniehn.com\/radio\/wp-json\/wp\/v2\/posts\/78513","targetHints":{"allow":["GET"]}}],"collection":[{"href":"https:\/\/mickyandoniehn.com\/radio\/wp-json\/wp\/v2\/posts"}],"about":[{"href":"https:\/\/mickyandoniehn.com\/radio\/wp-json\/wp\/v2\/types\/post"}],"replies":[{"embeddable":true,"href":"https:\/\/mickyandoniehn.com\/radio\/wp-json\/wp\/v2\/comments?post=78513"}],"version-history":[{"count":0,"href":"https:\/\/mickyandoniehn.com\/radio\/wp-json\/wp\/v2\/posts\/78513\/revisions"}],"wp:attachment":[{"href":"https:\/\/mickyandoniehn.com\/radio\/wp-json\/wp\/v2\/media?parent=78513"}],"wp:term":[{"taxonomy":"category","embeddable":true,"href":"https:\/\/mickyandoniehn.com\/radio\/wp-json\/wp\/v2\/categories?post=78513"},{"taxonomy":"post_tag","embeddable":true,"href":"https:\/\/mickyandoniehn.com\/radio\/wp-json\/wp\/v2\/tags?post=78513"}],"curies":[{"name":"wp","href":"https:\/\/api.w.org\/{rel}","templated":true}]}}