{"id":78203,"date":"2024-08-29T15:12:32","date_gmt":"2024-08-29T21:12:32","guid":{"rendered":"http:\/\/mickyandoniehn.com\/radio\/2024\/08\/29\/explorando-la-majestuosidad-del-parque-nacional-montana-de-celaque\/"},"modified":"2024-08-29T15:12:32","modified_gmt":"2024-08-29T21:12:32","slug":"explorando-la-majestuosidad-del-parque-nacional-montana-de-celaque","status":"publish","type":"post","link":"https:\/\/mickyandoniehn.com\/radio\/2024\/08\/29\/explorando-la-majestuosidad-del-parque-nacional-montana-de-celaque\/","title":{"rendered":"Explorando la Majestuosidad del Parque Nacional Monta\u00f1a de Celaque"},"content":{"rendered":"<\/p>\n<p>29.08.2024<\/p>\n<p>En el coraz\u00f3n del occidente de Honduras se alza una imponente maravilla natural que deja sin aliento a todos quienes la visitan: el Parque Nacional Monta\u00f1a de Celaque. Ubicado en los departamentos de Cop\u00e1n, Lempira y Ocotepeque, este parque se extiende por 236.5 km\u00b2 de bosque nublado, albergando seis de las siete especies de pino conocidas en el pa\u00eds.<\/p>\n<p>La Monta\u00f1a de Celaque se eleva hasta alcanzar los 2.849 metros sobre el nivel del mar, convirti\u00e9ndose en el punto m\u00e1s alto de Honduras. El parque est\u00e1 dividido en dos zonas: la zona n\u00facleo, que es intocable, y la zona de amortiguamiento, destinada a proteger el entorno natural y permitir una gesti\u00f3n sostenible del \u00e1rea.<\/p>\n<p>Desde 1987, el gobierno de Honduras ha protegido la Monta\u00f1a de Celaque al declararla Parque Nacional, con el objetivo de preservar su biodiversidad y evitar su degradaci\u00f3n. Este espacio vital sirve como h\u00e1bitat para una amplia variedad de especies animales y vegetales, enriqueciendo la biodiversidad del pa\u00eds.<\/p>\n<p>El 9 de junio de 2015, la Organizaci\u00f3n de las Naciones Unidas para la Educaci\u00f3n, la Ciencia y la Cultura (Unesco) reconoci\u00f3 oficialmente la importancia del Parque Nacional Monta\u00f1a de Celaque al designarlo como Reserva de Biosfera y del Hombre Cacique Lempira Se\u00f1or de Las Monta\u00f1as. Esta distinci\u00f3n sit\u00faa a Celaque entre las 631 Reservas de Biosfera del mundo, subrayando su valor global en la conservaci\u00f3n ambiental.<\/p>\n<p>Para quienes se atreven a emprender el desaf\u00edo de escalar esta majestuosa monta\u00f1a, el trayecto ofrece una inmersi\u00f3n en un entorno de antiguos \u00e1rboles, r\u00edos cristalinos, neblina envolvente y un clima refrescante. Cada sendero y cada rinc\u00f3n del parque revelan la espl\u00e9ndida belleza de su flora y fauna, brindando a los visitantes una experiencia \u00fanica e inolvidable.<\/p>\n<p>El Parque Nacional Monta\u00f1a de Celaque no es solo un monumento natural, sino un tesoro que cautiva a todos los que tienen el privilegio de explorarlo. Su belleza sublime y su rica biodiversidad hacen de este parque un destino imprescindible para los amantes de la naturaleza.<\/p>\n<p>Fuente: Diario Roat\u00e1n<\/p>\n","protected":false},"excerpt":{"rendered":"<p>29.08.2024 En el coraz\u00f3n del occidente de Honduras se alza una imponente maravilla natural que deja sin aliento a todos quienes la visitan: el Parque Nacional Monta\u00f1a de Celaque. Ubicado en los departamentos de Cop\u00e1n, Lempira y Ocotepeque, este parque se extiende por 236.5 km\u00b2 de bosque nublado, albergando seis de las siete especies de &hellip;<\/p>\n","protected":false},"author":0,"featured_media":78204,"comment_status":"open","ping_status":"open","sticky":false,"template":"","format":"standard","meta":{"_jetpack_memberships_contains_paid_content":false,"footnotes":""},"categories":[5],"tags":[],"class_list":["post-78203","post","type-post","status-publish","format-standard","has-post-thumbnail","","category-noticias"],"jetpack_sharing_enabled":true,"jetpack_featured_media_url":"https:\/\/mickyandoniehn.com\/radio\/wp-content\/uploads\/2024\/08\/Celaque-1-e1638293979740-750x430-1-660x330-1-1jQzUk.jpeg","_links":{"self":[{"href":"https:\/\/mickyandoniehn.com\/radio\/wp-json\/wp\/v2\/posts\/78203","targetHints":{"allow":["GET"]}}],"collection":[{"href":"https:\/\/mickyandoniehn.com\/radio\/wp-json\/wp\/v2\/posts"}],"about":[{"href":"https:\/\/mickyandoniehn.com\/radio\/wp-json\/wp\/v2\/types\/post"}],"replies":[{"embeddable":true,"href":"https:\/\/mickyandoniehn.com\/radio\/wp-json\/wp\/v2\/comments?post=78203"}],"version-history":[{"count":0,"href":"https:\/\/mickyandoniehn.com\/radio\/wp-json\/wp\/v2\/posts\/78203\/revisions"}],"wp:featuredmedia":[{"embeddable":true,"href":"https:\/\/mickyandoniehn.com\/radio\/wp-json\/wp\/v2\/media\/78204"}],"wp:attachment":[{"href":"https:\/\/mickyandoniehn.com\/radio\/wp-json\/wp\/v2\/media?parent=78203"}],"wp:term":[{"taxonomy":"category","embeddable":true,"href":"https:\/\/mickyandoniehn.com\/radio\/wp-json\/wp\/v2\/categories?post=78203"},{"taxonomy":"post_tag","embeddable":true,"href":"https:\/\/mickyandoniehn.com\/radio\/wp-json\/wp\/v2\/tags?post=78203"}],"curies":[{"name":"wp","href":"https:\/\/api.w.org\/{rel}","templated":true}]}}