{"id":78199,"date":"2024-08-29T14:12:58","date_gmt":"2024-08-29T20:12:58","guid":{"rendered":"http:\/\/mickyandoniehn.com\/radio\/2024\/08\/29\/motagua-cumple-96-anos-de-existencia\/"},"modified":"2024-08-29T14:12:58","modified_gmt":"2024-08-29T20:12:58","slug":"motagua-cumple-96-anos-de-existencia","status":"publish","type":"post","link":"https:\/\/mickyandoniehn.com\/radio\/2024\/08\/29\/motagua-cumple-96-anos-de-existencia\/","title":{"rendered":"Motagua cumple 96 a\u00f1os de existencia"},"content":{"rendered":"<\/p>\n<p>29.08.2024<\/p>\n<p>Los \u00abazules\u00bb del F\u00fatbol Club Motagua celebran hoy su 96 aniversario de fundaci\u00f3n, ya que el 29 de agosto de 1928 naci\u00f3 a iniciativa del poeta y deportista, Marco Antonio Ponce, y el se\u00f1or Marco Antonio Rosa, entre otros.<\/p>\n<p>Su nombre deriva un sentimiento patri\u00f3tico. En ese momento hist\u00f3rico el pa\u00eds trataba de retener el R\u00edo lim\u00edtrofe entre Honduras y Guatemala, pero que posteriormente se perdi\u00f3 y en honor a ese grito de batalla \u00abdel Motagua no pasar\u00e1n\u00bb se bautiz\u00f3 a este reci\u00e9n nacido club en Tegucigalpa.<\/p>\n<p>Su primer juego lo disput\u00f3 el 25 de noviembre de 1928 ante los Tejeros del Espa\u00f1a de Tegucigalpa, en duelo realizado en la Cancha Lempira de Tegucigalpa.<\/p>\n<p>Motagua aline\u00f3 a Carlos Valladares, Jos\u00e9 Mar\u00eda Z\u00fa\u00f1iga, Angel Raudales, \u00abLatino\u00bb G\u00e1lvez, Marco Antonio Ponce, M\u00e1ximo C\u00e1rcamo, Pedro Berr\u00edos, Basilio Kafaty, Ar\u00edstides Raudales, R\u00f3mulo Mej\u00eda y R\u00f3mulo Reyes Flores.<\/p>\n<p>El Motagua, dirigido por Lurio Mart\u00ednez, disput\u00f3 su primer partido internacional el 9 de abril de 1939 en la cancha San Felipe de Tegucigalpa contra el equipo Ori\u00f3n FC de Costa Rica, al que venci\u00f3 3-0 con goles de \u00abGorgojo\u00bb Ramos.<\/p>\n<p>Hist\u00f3ricamente, el escudo de Motagua ha sufrido diversas modificaciones. El primero del que se tienen registros constaba de una M blanca con un fondo azul marino y el cual fue utilizado desde inicios de la d\u00e9cada de 1930 hasta finales de la d\u00e9cada de 1970.<\/p>\n<p>A partir de la d\u00e9cada de 1980, Motagua comenz\u00f3 a utilizar como escudo un \u00e1guila que est\u00e1 encima de un bal\u00f3n de f\u00fatbol. Posteriormente, a esta figura se le a\u00f1adi\u00f3 la leyenda \u00abClub Motagua\u00bb y una figura redonda de color azul marino como fondo.<\/p>\n<p><strong>EL MOTAGUA DE HOY:<\/strong><\/p>\n<p>Con 18 t\u00edtulos de Liga es el segundo en el pa\u00eds y su m\u00e1s reciente t\u00edtulo lo alcanz\u00f3 el pasado 31 de mayo del 2022 al vencer en la final al Real Espa\u00f1a en San Pedro Sula, logrando el acierto el t\u00e9cnico Hern\u00e1n \u00abLa Tota\u00bb Medina.<\/p>\n<p>A nivel de t\u00edtulos el l\u00edder es el argentino Diego V\u00e1zquez con 5, Ram\u00f3n Maradiaga (4), Carlos Padilla (2) y luego con uno Rodolfo \u00abPopo\u00bb Godoy (1968), el chileno N\u00e9stor Matamala (1978), \u00c1ngel Ram\u00f2n Rodr\u00edguez (1991-92), Jos\u00e9 \u00abPepe\u00bb Trevi\u00f1o (Apertura 1999-2000), Luis \u00abChito\u00bb Reyes (Clausura 1999-2000), Gilberto Yearwood (Apertura 2001-2002)y Hern\u00e1n \u00abLa Tota\u00bb Medina (Clausura 2021-2022).<\/p>\n<p>Fuente: Diarioroat\u00e1n.com<\/p>\n","protected":false},"excerpt":{"rendered":"<p>29.08.2024 Los \u00abazules\u00bb del F\u00fatbol Club Motagua celebran hoy su 96 aniversario de fundaci\u00f3n, ya que el 29 de agosto de 1928 naci\u00f3 a iniciativa del poeta y deportista, Marco Antonio Ponce, y el se\u00f1or Marco Antonio Rosa, entre otros. Su nombre deriva un sentimiento patri\u00f3tico. En ese momento hist\u00f3rico el pa\u00eds trataba de retener &hellip;<\/p>\n","protected":false},"author":0,"featured_media":78200,"comment_status":"open","ping_status":"open","sticky":false,"template":"","format":"standard","meta":{"_jetpack_memberships_contains_paid_content":false,"footnotes":""},"categories":[5],"tags":[],"class_list":["post-78199","post","type-post","status-publish","format-standard","has-post-thumbnail","","category-noticias"],"jetpack_sharing_enabled":true,"jetpack_featured_media_url":"https:\/\/mickyandoniehn.com\/radio\/wp-content\/uploads\/2024\/08\/96-aniversario-Motagua-750x430-1-3gPa5H.png","_links":{"self":[{"href":"https:\/\/mickyandoniehn.com\/radio\/wp-json\/wp\/v2\/posts\/78199","targetHints":{"allow":["GET"]}}],"collection":[{"href":"https:\/\/mickyandoniehn.com\/radio\/wp-json\/wp\/v2\/posts"}],"about":[{"href":"https:\/\/mickyandoniehn.com\/radio\/wp-json\/wp\/v2\/types\/post"}],"replies":[{"embeddable":true,"href":"https:\/\/mickyandoniehn.com\/radio\/wp-json\/wp\/v2\/comments?post=78199"}],"version-history":[{"count":0,"href":"https:\/\/mickyandoniehn.com\/radio\/wp-json\/wp\/v2\/posts\/78199\/revisions"}],"wp:featuredmedia":[{"embeddable":true,"href":"https:\/\/mickyandoniehn.com\/radio\/wp-json\/wp\/v2\/media\/78200"}],"wp:attachment":[{"href":"https:\/\/mickyandoniehn.com\/radio\/wp-json\/wp\/v2\/media?parent=78199"}],"wp:term":[{"taxonomy":"category","embeddable":true,"href":"https:\/\/mickyandoniehn.com\/radio\/wp-json\/wp\/v2\/categories?post=78199"},{"taxonomy":"post_tag","embeddable":true,"href":"https:\/\/mickyandoniehn.com\/radio\/wp-json\/wp\/v2\/tags?post=78199"}],"curies":[{"name":"wp","href":"https:\/\/api.w.org\/{rel}","templated":true}]}}