{"id":78197,"date":"2024-08-29T14:12:56","date_gmt":"2024-08-29T20:12:56","guid":{"rendered":"http:\/\/mickyandoniehn.com\/radio\/2024\/08\/29\/cristiano-ronaldo-la-liga-de-campeones-es-lo-maximo-y-los-records-hablan-por-si-mismos\/"},"modified":"2024-08-29T14:12:56","modified_gmt":"2024-08-29T20:12:56","slug":"cristiano-ronaldo-la-liga-de-campeones-es-lo-maximo-y-los-records-hablan-por-si-mismos","status":"publish","type":"post","link":"https:\/\/mickyandoniehn.com\/radio\/2024\/08\/29\/cristiano-ronaldo-la-liga-de-campeones-es-lo-maximo-y-los-records-hablan-por-si-mismos\/","title":{"rendered":"Cristiano Ronaldo: \u00abLa Liga de Campeones es lo m\u00e1ximo y los r\u00e9cords hablan por s\u00ed mismos\u00bb"},"content":{"rendered":"<\/p>\n<p>29.08.2024<\/p>\n<p><strong>M\u00f3naco \u2013<\/strong>\u00a0El portugu\u00e9s\u00a0<strong>Cristiano Ronaldo<\/strong>\u00a0asegur\u00f3 que \u00abla Liga de Campeones es lo m\u00e1ximo y que los r\u00e9cords hablan por s\u00ed mismos\u00bb, tras recoger el premio de la UEFA como m\u00e1ximo goleador hist\u00f3rico de la competici\u00f3n este jueves en el Foro Grimaldi de M\u00f3naco, donde el exportero italiano Gianluigi Buffon tambi\u00e9n fue distinguido.<\/p>\n<p>\u00abLa Champions League es lo m\u00e1ximo. Los r\u00e9cords hablan por s\u00ed mismos, pero no quiero hablar de los records, era un disfrute inmenso jugarla. Cuando escuchas la m\u00fasica te enciendes. Es un sentimiento muy especial. Gan\u00e9 muchas veces y marqu\u00e9 muchos goles. Es genial estar aqu\u00ed. Tengo grandes memorias cuando vengo aqu\u00ed. Nuestra vida son los recuerdos y los grandes recuerdos est\u00e1n vinculados a este torneo. Nunca se sabe, qu\u00e9 pasa en el futuro, quiz\u00e1 vuelva\u00bb, dijo Cristiano.<\/p>\n<\/p>\n<p>El luso ha ganado la Liga de Campeones una vez con el Manchester United y cuatro con el Real Madrid y hasta la fecha es el \u00fanico jugador que ha marcado en tres finales distintas (2008, 2014 y 2017).<\/p>\n<p>\u00abEs dif\u00edcil elegir un trofeo. Siempre hablamos del primero, fue muy especial ganarla con el Manchester.Fall\u00e9 el penalti, pero fue muy bonito. Fue muy especial pero tambi\u00e9n con el Real Madrid, por supuesto, gan\u00e9 cuatro, y las historias del Real Madrid, incre\u00edble en Lisboa delante de tantos aficionados portugueses. Cuando te pones en la Champions en modo ganador ganas\u00bb, record\u00f3.<\/p>\n<p>El presidente de la UEFA, el esloveno Alexander Ceferin, asegur\u00f3 que \u00absi pensamos en la Champions pensamos en Cristiano y si pensamos en el f\u00fatbol pensamos en Crstiano\u00bb.\u00bb Una carrera y un jugador impresionante. Tengo un problema con Cristiano porque ahora ya no juega en la mejor competici\u00f3n. Pero es la unica persona que no envejece, o sea que esperemos todav\u00eda que vuelva\u00bb, dese\u00f3.<\/p>\n<p>El actual jugador del Al-Nassr saud\u00ed alcanz\u00f3 la cifra de 140 goles en m\u00e1s de 18 a\u00f1os de carrera en la \u00abChampions\u00bb como futbolista del Sporting de Portugal, el Manchester City, el Real Madrid y el Juventus de Tur\u00edn.<\/p>\n<p>Aventaja en 11 goles al argentino Lionel Messi y en 46 al polaco Robert Lewandowski, que le acompa\u00f1an en lo m\u00e1s alto de la tabla de goleadores.<\/p>\n<p>El luso fue m\u00e1ximo goleador de la Liga de Campeones en siete temporadas y sus registros incluyen los ocho goles que marc\u00f3 en la campa\u00f1a 2007\/08 con el Manchester United y los 15 que anot\u00f3 cuando el Real Madrid conquist\u00f3 su tercer t\u00edtulo consecutivo en 2017\/18.<\/p>\n<p>Tambi\u00e9n ostenta el r\u00e9cord de goles en una sola campa\u00f1a, con 17 tantos en la 2013\/14 y el de la racha goleadora m\u00e1s larga, ya que marc\u00f3 en 11 partidos consecutivos, desde junio de 2017 hasta abril de 2018, y posee ocho \u00abhat-tricks\u00bb.<\/p>\n<p>Cinco veces ganador del Bal\u00f3n de oro y jugador del a\u00f1o de la UEFA en tres ocasiones, Cristiano es el m\u00e1ximo goleador de todas las competiciones de clubes de la UEFA (145 goles en 197 partidos) y el jugador m\u00e1s prol\u00edfico de la historia del f\u00fatbol masculino internacional (130 goles en 212 partidos).<\/p>\n<p>El reconocimiento a Cristiano Ronaldo en la ceremonia del Foro Grimaldi de M\u00f3naco se sum\u00f3 al del exportero italiano Gianluigi Buffon, galardonado con el premio Presidente de la UEFA, despu\u00e9s de una carrera con el mayor n\u00famero de internacionalidades de todos los tiempos, 176.<\/p>\n<p>\u00abProbablemente es el mejor portero de la historia. El cuarto jugador en Europa con m\u00e1s participaciones y adem\u00e1s una gran persona. Un gran compa\u00f1ero de equipo. Padre, profesor y una voz excelente para el f\u00fatbol y para la UEFA. Es el mejor y se merece este trofeo. Personalmente, el mejor portero de la historia\u00bb, dijo Ceferin<\/p>\n<p>El italiano asegur\u00f3 que la Liga de Campeones \u00abfue la principal raz\u00f3n por la que jug\u00f3 tanto tiempo\u00bb. \u00abNo por ganarla, sino porque de verdad disfrutaba jugando la Champions. Sin duda la competici\u00f3n m\u00e1s importante del mundo del f\u00fatbol\u00bb, apunt\u00f3.<\/p>\n<p>Buffon, que se retir\u00f3 hace algo m\u00e1s de un a\u00f1o despu\u00e9s de 28 temporadas en activo, es el portero con m\u00e1s internacionalidades de todos los tiempos, 176; el jugador con m\u00e1s partidos en la historia de la selecci\u00f3n italiana y el cuarto futbolista europeo con mayor n\u00famero de internacionalidades.<\/p>\n<p>El italiano releva en el palmar\u00e9s del premio al alem\u00e1n Miroslav Klose, distinguido el a\u00f1o pasado, como lo fueron en las \u00faltimas ediciones Arrigo Sacchi (ITA) en 2022, el dan\u00e9s Simon Kj\u00e6r y el equipo m\u00e9dico en Copenhague durante la EURO 2020 en 2021, el marfile\u00f1o Didier Drogba en 2020, el franc\u00e9s Eric Cantona en 2019, el ingl\u00e9s David Beckham en 2018 y el itliano Francesco Totti en 2017.<\/p>\n<p>El resto de distinciones concedidas anualmente por la UEFA se entregar\u00e1n en la gala del Bal\u00f3n de Oro, tras la alianza entre el organismo y el grupo Amaury, propietario de los medios de comunicaci\u00f3n France Football y L\u2019\u00c9quipe, para coorganizar la gala del mismo a partir de este a\u00f1o.<\/p>\n<p>Fuente: Proceso.hn<\/p>\n","protected":false},"excerpt":{"rendered":"<p>29.08.2024 M\u00f3naco \u2013\u00a0El portugu\u00e9s\u00a0Cristiano Ronaldo\u00a0asegur\u00f3 que \u00abla Liga de Campeones es lo m\u00e1ximo y que los r\u00e9cords hablan por s\u00ed mismos\u00bb, tras recoger el premio de la UEFA como m\u00e1ximo goleador hist\u00f3rico de la competici\u00f3n este jueves en el Foro Grimaldi de M\u00f3naco, donde el exportero italiano Gianluigi Buffon tambi\u00e9n fue distinguido. \u00abLa Champions League &hellip;<\/p>\n","protected":false},"author":0,"featured_media":78198,"comment_status":"open","ping_status":"open","sticky":false,"template":"","format":"standard","meta":{"_jetpack_memberships_contains_paid_content":false,"footnotes":""},"categories":[5],"tags":[],"class_list":["post-78197","post","type-post","status-publish","format-standard","has-post-thumbnail","","category-noticias"],"jetpack_sharing_enabled":true,"jetpack_featured_media_url":"https:\/\/mickyandoniehn.com\/radio\/wp-content\/uploads\/2024\/08\/a5803244-9c00-4281-953c-5db4a8449466_alta-libre-aspect-ratio_default_0-BWKnoh.jpeg","_links":{"self":[{"href":"https:\/\/mickyandoniehn.com\/radio\/wp-json\/wp\/v2\/posts\/78197","targetHints":{"allow":["GET"]}}],"collection":[{"href":"https:\/\/mickyandoniehn.com\/radio\/wp-json\/wp\/v2\/posts"}],"about":[{"href":"https:\/\/mickyandoniehn.com\/radio\/wp-json\/wp\/v2\/types\/post"}],"replies":[{"embeddable":true,"href":"https:\/\/mickyandoniehn.com\/radio\/wp-json\/wp\/v2\/comments?post=78197"}],"version-history":[{"count":0,"href":"https:\/\/mickyandoniehn.com\/radio\/wp-json\/wp\/v2\/posts\/78197\/revisions"}],"wp:featuredmedia":[{"embeddable":true,"href":"https:\/\/mickyandoniehn.com\/radio\/wp-json\/wp\/v2\/media\/78198"}],"wp:attachment":[{"href":"https:\/\/mickyandoniehn.com\/radio\/wp-json\/wp\/v2\/media?parent=78197"}],"wp:term":[{"taxonomy":"category","embeddable":true,"href":"https:\/\/mickyandoniehn.com\/radio\/wp-json\/wp\/v2\/categories?post=78197"},{"taxonomy":"post_tag","embeddable":true,"href":"https:\/\/mickyandoniehn.com\/radio\/wp-json\/wp\/v2\/tags?post=78197"}],"curies":[{"name":"wp","href":"https:\/\/api.w.org\/{rel}","templated":true}]}}