{"id":78186,"date":"2024-08-29T07:13:02","date_gmt":"2024-08-29T13:13:02","guid":{"rendered":"http:\/\/mickyandoniehn.com\/radio\/2024\/08\/29\/en-memoria-a-la-amiga-de-papa-y-mia-dona-olga-guevara-de-aguero-neda-qddg-en-el-aniversario-de-su-fallecimiento\/"},"modified":"2024-08-29T07:13:02","modified_gmt":"2024-08-29T13:13:02","slug":"en-memoria-a-la-amiga-de-papa-y-mia-dona-olga-guevara-de-aguero-neda-qddg-en-el-aniversario-de-su-fallecimiento","status":"publish","type":"post","link":"https:\/\/mickyandoniehn.com\/radio\/2024\/08\/29\/en-memoria-a-la-amiga-de-papa-y-mia-dona-olga-guevara-de-aguero-neda-qddg-en-el-aniversario-de-su-fallecimiento\/","title":{"rendered":"En Memoria a la amiga de pap\u00e1 y m\u00eda, Do\u00f1a Olga Guevara de Ag\u00fcero Neda (QDDG)  en el Aniversario de su Fallecimiento"},"content":{"rendered":"<\/p>\n","protected":false},"excerpt":{"rendered":"","protected":false},"author":0,"featured_media":0,"comment_status":"open","ping_status":"open","sticky":false,"template":"","format":"standard","meta":{"_jetpack_memberships_contains_paid_content":false,"footnotes":""},"categories":[5],"tags":[],"class_list":["post-78186","post","type-post","status-publish","format-standard","","category-noticias"],"jetpack_sharing_enabled":true,"jetpack_featured_media_url":"","_links":{"self":[{"href":"https:\/\/mickyandoniehn.com\/radio\/wp-json\/wp\/v2\/posts\/78186","targetHints":{"allow":["GET"]}}],"collection":[{"href":"https:\/\/mickyandoniehn.com\/radio\/wp-json\/wp\/v2\/posts"}],"about":[{"href":"https:\/\/mickyandoniehn.com\/radio\/wp-json\/wp\/v2\/types\/post"}],"replies":[{"embeddable":true,"href":"https:\/\/mickyandoniehn.com\/radio\/wp-json\/wp\/v2\/comments?post=78186"}],"version-history":[{"count":0,"href":"https:\/\/mickyandoniehn.com\/radio\/wp-json\/wp\/v2\/posts\/78186\/revisions"}],"wp:attachment":[{"href":"https:\/\/mickyandoniehn.com\/radio\/wp-json\/wp\/v2\/media?parent=78186"}],"wp:term":[{"taxonomy":"category","embeddable":true,"href":"https:\/\/mickyandoniehn.com\/radio\/wp-json\/wp\/v2\/categories?post=78186"},{"taxonomy":"post_tag","embeddable":true,"href":"https:\/\/mickyandoniehn.com\/radio\/wp-json\/wp\/v2\/tags?post=78186"}],"curies":[{"name":"wp","href":"https:\/\/api.w.org\/{rel}","templated":true}]}}