{"id":78182,"date":"2024-08-28T14:12:39","date_gmt":"2024-08-28T20:12:39","guid":{"rendered":"http:\/\/mickyandoniehn.com\/radio\/2024\/08\/28\/espana-y-la-ue-fortalecen-sistema-de-salud-y-seguridad-alimentaria-en-mosquitia-hondurena\/"},"modified":"2024-08-28T14:12:39","modified_gmt":"2024-08-28T20:12:39","slug":"espana-y-la-ue-fortalecen-sistema-de-salud-y-seguridad-alimentaria-en-mosquitia-hondurena","status":"publish","type":"post","link":"https:\/\/mickyandoniehn.com\/radio\/2024\/08\/28\/espana-y-la-ue-fortalecen-sistema-de-salud-y-seguridad-alimentaria-en-mosquitia-hondurena\/","title":{"rendered":"Espa\u00f1a y la UE fortalecen sistema de salud y seguridad alimentaria en Mosquitia hondure\u00f1a"},"content":{"rendered":"<p>28.08.2024<\/p>\n<\/p>\n<p><strong>Tegucigalpa \u2013<\/strong>\u00a0Espa\u00f1a y la Uni\u00f3n Europea (UE) contribuyen al fortalecimiento del sistema de salud, nutricional y la seguridad alimentaria en la Mosquitia, una de las regiones m\u00e1s pobres de Honduras, inform\u00f3 este martes la Agencia Espa\u00f1ola de Cooperaci\u00f3n Internacional para el Desarrollo (Aecid).<\/p>\n<p>Como parte del apoyo, la segunda jefatura de la Embajada de Espa\u00f1a en Honduras, Victoria Garc\u00eda; el coordinador general de la Cooperaci\u00f3n Espa\u00f1ola, Francisco Tom\u00e1s; el director de la Fundaci\u00f3n CSAI, \u00d3scar D\u00edaz, y la subsecretaria de Proyectos e Inversiones de la Secretar\u00eda de Salud del pa\u00eds centroamericano, Suani Montalv\u00e1n, lanzaron el lunes un proyecto orientado a mejorar la detecci\u00f3n y manejo de la desnutrici\u00f3n y malnutrici\u00f3n, seg\u00fan un comunicado de la Aecid.<\/p>\n<p>El objetivo de la iniciativa, que cuenta con una aportaci\u00f3n de Espa\u00f1a de 10 millones de lempiras (algo m\u00e1s de 400.000 d\u00f3lares), es fortalecer el acceso y la cobertura de los servicios de salud materna e infantil con la incorporaci\u00f3n de la atenci\u00f3n en telesalud en los municipios de Wampusirpi y Ahuas, en la Mosquitia, y Joc\u00f3n, Victoria, Yorito y Sulaco, en el departamento norte\u00f1o de Yoro, se\u00f1al\u00f3 la Aecid.<\/p>\n<p>En Honduras, la anemia es \u00abun problema prevalente\u00bb entre mujeres, ni\u00f1as y ni\u00f1os, una situaci\u00f3n que afecta su salud durante el embarazo y la lactancia, a\u00f1ade la informaci\u00f3n.<\/p>\n<p>Seg\u00fan estudios citados por la Aecid, la desnutrici\u00f3n cr\u00f3nica afecta al 19 % de los menores de 5 a\u00f1os y la desnutrici\u00f3n aguda al 2 %, lo que \u00abreduce las posibilidad de que las personas desarrollen normalmente sus capacidades f\u00edsicas y cognitivas en la adultez\u00bb.<\/p>\n<div class=\"wp-block-image\">\n<\/div>\n<h2 class=\"wp-block-heading\"><strong>Donaci\u00f3n de equipo m\u00e9dico<\/strong><\/h2>\n<p>La misi\u00f3n de Espa\u00f1a y la UE particip\u00f3 este martes en la entrega de equipo m\u00e9dico al centro de salud de Paptalaya en Ahuas, con el fin de fortalecer la infraestructura sanitaria local y garantizar una mejor atenci\u00f3n a la poblaci\u00f3n, especialmente a mujeres embarazadas, ni\u00f1as y ni\u00f1os menores de cinco a\u00f1os.<\/p>\n<p>La donaci\u00f3n fue gestionada por la Fundaci\u00f3n CSAI y financiada por la Uni\u00f3n Europea y la Aecid como parte de las acciones del proyecto de seguridad alimentaria y nutricional (Aecid\/Eurosan DeL), una iniciativa valorada en m\u00e1s de 244 millones de lempiras (9,8 millones de d\u00f3lares).<\/p>\n<p>Los diplom\u00e1ticos europeos participaron adem\u00e1s en Ahuas en una reuni\u00f3n con el C\u00edrculo de Atenci\u00f3n Integral a la Ni\u00f1ez y la Comunidad, para conocer el impacto del proyecto Aecid\/Eurosan DeL en la salud infantil y nutricional de la comunidad.<\/p>\n<p>El mi\u00e9rcoles, la agenda de la misi\u00f3n incluir\u00e1 una visita al Hospital de Puerto Lempira para discutir posibles \u00e1reas de cooperaci\u00f3n en infraestructura y recurso humano.<\/p>\n<p>Los diplom\u00e1ticos tienen previsto reunirse en Tegucigalpa con autoridades de la Secretar\u00eda de Salud para evaluar el fortalecimiento de su marco normativo, y visitar\u00e1n la Mancomunidad Asociaci\u00f3n de Municipios para la Protecci\u00f3n del Lago de Yojoa (Amuprolago).<\/p>\n<p>FUENTE: PROCESO DIGITAL<\/p>\n","protected":false},"excerpt":{"rendered":"<p>28.08.2024 Tegucigalpa \u2013\u00a0Espa\u00f1a y la Uni\u00f3n Europea (UE) contribuyen al fortalecimiento del sistema de salud, nutricional y la seguridad alimentaria en la Mosquitia, una de las regiones m\u00e1s pobres de Honduras, inform\u00f3 este martes la Agencia Espa\u00f1ola de Cooperaci\u00f3n Internacional para el Desarrollo (Aecid). Como parte del apoyo, la segunda jefatura de la Embajada de &hellip;<\/p>\n","protected":false},"author":0,"featured_media":78183,"comment_status":"open","ping_status":"open","sticky":false,"template":"","format":"standard","meta":{"_jetpack_memberships_contains_paid_content":false,"footnotes":""},"categories":[5],"tags":[],"class_list":["post-78182","post","type-post","status-publish","format-standard","has-post-thumbnail","","category-noticias"],"jetpack_sharing_enabled":true,"jetpack_featured_media_url":"https:\/\/mickyandoniehn.com\/radio\/wp-content\/uploads\/2024\/08\/Aecid-honduras1-696x417-1-IWyjiu.jpeg","_links":{"self":[{"href":"https:\/\/mickyandoniehn.com\/radio\/wp-json\/wp\/v2\/posts\/78182","targetHints":{"allow":["GET"]}}],"collection":[{"href":"https:\/\/mickyandoniehn.com\/radio\/wp-json\/wp\/v2\/posts"}],"about":[{"href":"https:\/\/mickyandoniehn.com\/radio\/wp-json\/wp\/v2\/types\/post"}],"replies":[{"embeddable":true,"href":"https:\/\/mickyandoniehn.com\/radio\/wp-json\/wp\/v2\/comments?post=78182"}],"version-history":[{"count":0,"href":"https:\/\/mickyandoniehn.com\/radio\/wp-json\/wp\/v2\/posts\/78182\/revisions"}],"wp:featuredmedia":[{"embeddable":true,"href":"https:\/\/mickyandoniehn.com\/radio\/wp-json\/wp\/v2\/media\/78183"}],"wp:attachment":[{"href":"https:\/\/mickyandoniehn.com\/radio\/wp-json\/wp\/v2\/media?parent=78182"}],"wp:term":[{"taxonomy":"category","embeddable":true,"href":"https:\/\/mickyandoniehn.com\/radio\/wp-json\/wp\/v2\/categories?post=78182"},{"taxonomy":"post_tag","embeddable":true,"href":"https:\/\/mickyandoniehn.com\/radio\/wp-json\/wp\/v2\/tags?post=78182"}],"curies":[{"name":"wp","href":"https:\/\/api.w.org\/{rel}","templated":true}]}}