{"id":78160,"date":"2024-08-28T09:16:05","date_gmt":"2024-08-28T15:16:05","guid":{"rendered":"http:\/\/mickyandoniehn.com\/radio\/2024\/08\/28\/odontologos-lamentan-comentarios-de-ministra-de-salud-y-exigen-dialogo\/"},"modified":"2024-08-28T09:16:05","modified_gmt":"2024-08-28T15:16:05","slug":"odontologos-lamentan-comentarios-de-ministra-de-salud-y-exigen-dialogo","status":"publish","type":"post","link":"https:\/\/mickyandoniehn.com\/radio\/2024\/08\/28\/odontologos-lamentan-comentarios-de-ministra-de-salud-y-exigen-dialogo\/","title":{"rendered":"Odont\u00f3logos lamentan comentarios de ministra de Salud y exigen di\u00e1logo"},"content":{"rendered":"<\/p>\n<p>28.08.2024<\/p>\n<p><strong>Tegucigalpa-<\/strong>\u00a0El presidente de la Asociaci\u00f3n de Odont\u00f3logos de la Salud P\u00fablica doctor H\u00e9ctor Vel\u00e1zquez, expres\u00f3 su indignaci\u00f3n y preocupaci\u00f3n ante las recientes declaraciones de la ministra de Salud, Carla Paredes, que, seg\u00fan \u00e9l, han minimizado la importancia del gremio odontol\u00f3gico en Honduras.<\/p>\n<p>\u00abLas declaraciones de la se\u00f1ora ministra nos han dejado helados. Es lamentable que la m\u00e1xima autoridad de la Secretar\u00eda de Salud haga comentarios que restan valor a un gremio tan esencial para la salud p\u00fablica como es la odontolog\u00eda\u00bb, afirm\u00f3 Vel\u00e1zquez.<\/p>\n<p>El l\u00edder gremial rechaz\u00f3 la afirmaci\u00f3n de que los odont\u00f3logos no tienen impacto, se\u00f1alando que su labor es crucial tanto a nivel econ\u00f3mico como en la salud de la poblaci\u00f3n hondure\u00f1a.<\/p>\n<p>\u00abSomos la gallina de los huevos de oro de la Secretar\u00eda de Salud, produciendo servicios de calidad a precios simb\u00f3licos para una poblaci\u00f3n mayoritariamente pobre. Si la ministra se refiere al impacto econ\u00f3mico, claro que lo tenemos, y si se refiere al impacto en la salud, tambi\u00e9n lo tenemos\u00bb, subray\u00f3.<\/p>\n<p>Vel\u00e1zquez enfatiz\u00f3 que el gremio odontol\u00f3gico es la \u00fanica opci\u00f3n accesible para la mayor\u00eda de los hondure\u00f1os, y que la odontolog\u00eda es fundamental para prevenir complicaciones graves, incluso mortales, derivadas de problemas dentales no tratados, como la angina de Ludwig, que puede ser fatal si no se atiende adecuadamente.<\/p>\n<p>En cuanto a las demandas del gremio, Vel\u00e1zquez se\u00f1al\u00f3 que no han recibido un ajuste salarial desde 2017, y que est\u00e1n exigiendo un reajuste a su base salarial, as\u00ed como la devoluci\u00f3n del aumento por \u00cdndice de Precios al Consumidor (IPC), que fue eliminado de manera inconstitucional en el Congreso Nacional. \u00abNo estamos pidiendo ser millonarios; el aumento por IPC apenas ser\u00eda de unos 1,000 lempiras anuales. Solo exigimos un salario digno que refleje la importancia de nuestra labor\u00bb, dijo.<\/p>\n<p>El presidente de la Asociaci\u00f3n de Odont\u00f3logos reiter\u00f3 que, aunque las consultas regulares est\u00e1n suspendidas, las emergencias contin\u00faan siendo atendidas en todo el pa\u00eds, incluyendo el Hospital Escuela. \u00abEl gremio de odont\u00f3logos es peque\u00f1o, con menos de 400 profesionales a nivel nacional, y su impacto en el presupuesto es m\u00ednimo. Lo \u00fanico que pedimos es un di\u00e1logo respetuoso y sin minimizar nuestro trabajo\u00bb, a\u00f1adi\u00f3.<\/p>\n<p>Finalmente, Vel\u00e1zquez inform\u00f3 que ya tienen programada una reuni\u00f3n con la ministra Paredes para el pr\u00f3ximo 30 de agosto, donde esperan poder dialogar y resolver las diferencias. \u00abEsperamos que la ministra nos reciba y que su actitud cambie\u201d. El gremio odontol\u00f3gico s\u00ed tiene un impacto significativo en la salud del pueblo hondure\u00f1o, y es un sector que necesita ser fortalecido para cerrar la deuda social en salud bucal que existe en el pa\u00eds, concluy\u00f3.<strong>LB<\/strong><\/p>\n<p>Fuente:Proceso Digital<\/p>\n","protected":false},"excerpt":{"rendered":"<p>28.08.2024 Tegucigalpa-\u00a0El presidente de la Asociaci\u00f3n de Odont\u00f3logos de la Salud P\u00fablica doctor H\u00e9ctor Vel\u00e1zquez, expres\u00f3 su indignaci\u00f3n y preocupaci\u00f3n ante las recientes declaraciones de la ministra de Salud, Carla Paredes, que, seg\u00fan \u00e9l, han minimizado la importancia del gremio odontol\u00f3gico en Honduras. \u00abLas declaraciones de la se\u00f1ora ministra nos han dejado helados. Es lamentable &hellip;<\/p>\n","protected":false},"author":0,"featured_media":78161,"comment_status":"open","ping_status":"open","sticky":false,"template":"","format":"standard","meta":{"_jetpack_memberships_contains_paid_content":false,"footnotes":""},"categories":[5],"tags":[],"class_list":["post-78160","post","type-post","status-publish","format-standard","has-post-thumbnail","","category-noticias"],"jetpack_sharing_enabled":true,"jetpack_featured_media_url":"https:\/\/mickyandoniehn.com\/radio\/wp-content\/uploads\/2024\/08\/Odontologos-1-696x464-WJ6Pu4.jpeg","_links":{"self":[{"href":"https:\/\/mickyandoniehn.com\/radio\/wp-json\/wp\/v2\/posts\/78160","targetHints":{"allow":["GET"]}}],"collection":[{"href":"https:\/\/mickyandoniehn.com\/radio\/wp-json\/wp\/v2\/posts"}],"about":[{"href":"https:\/\/mickyandoniehn.com\/radio\/wp-json\/wp\/v2\/types\/post"}],"replies":[{"embeddable":true,"href":"https:\/\/mickyandoniehn.com\/radio\/wp-json\/wp\/v2\/comments?post=78160"}],"version-history":[{"count":0,"href":"https:\/\/mickyandoniehn.com\/radio\/wp-json\/wp\/v2\/posts\/78160\/revisions"}],"wp:featuredmedia":[{"embeddable":true,"href":"https:\/\/mickyandoniehn.com\/radio\/wp-json\/wp\/v2\/media\/78161"}],"wp:attachment":[{"href":"https:\/\/mickyandoniehn.com\/radio\/wp-json\/wp\/v2\/media?parent=78160"}],"wp:term":[{"taxonomy":"category","embeddable":true,"href":"https:\/\/mickyandoniehn.com\/radio\/wp-json\/wp\/v2\/categories?post=78160"},{"taxonomy":"post_tag","embeddable":true,"href":"https:\/\/mickyandoniehn.com\/radio\/wp-json\/wp\/v2\/tags?post=78160"}],"curies":[{"name":"wp","href":"https:\/\/api.w.org\/{rel}","templated":true}]}}