{"id":78158,"date":"2024-08-28T09:16:03","date_gmt":"2024-08-28T15:16:03","guid":{"rendered":"http:\/\/mickyandoniehn.com\/radio\/2024\/08\/28\/hoy-se-clausura-el-congreso-infantil\/"},"modified":"2024-08-28T09:16:03","modified_gmt":"2024-08-28T15:16:03","slug":"hoy-se-clausura-el-congreso-infantil","status":"publish","type":"post","link":"https:\/\/mickyandoniehn.com\/radio\/2024\/08\/28\/hoy-se-clausura-el-congreso-infantil\/","title":{"rendered":"Hoy se clausura el Congreso Infantil"},"content":{"rendered":"<p>28.08.2024<\/p>\n<\/p>\n<p>El Congreso Nacional Infantil 2024, se instal\u00f3 oficialmente con la presencia de los diputados que representan a los 18 departamentos del pa\u00eds.<\/p>\n<p>Como siempre, en la actividad legislativa de los ni\u00f1os, que es la parte medular de este Congreso, se ha implementado que los ni\u00f1os verdaderamente tengan una experiencia legislativa.<\/p>\n<p>Para con ello, poder reunirse en las comisiones infantiles, poder deliberar alrededor de un proyecto, presentarlos como lo hacen los congresistas adultos, tienen bastante actividad en el hemiciclo.<\/p>\n<p>El Congreso Infantil concluye con la instalaci\u00f3n de la legislatura infantil hoy mi\u00e9rcoles 28 de agosto que es una actividad que se desarrolla durante todo el d\u00eda, desde las 9:00 de la ma\u00f1ana que se hace la instalaci\u00f3n.<\/p>\n<p>Previo se realiza un desfile muy bonito y representativo desde la antigua Casa Presidencial hasta el Palacio Legislativo.<\/p>\n<p>El Congreso Infantil 2024, termina hoy a las 5:00 de la tarde, cuando los congresistas infantiles despu\u00e9s de haber trabajado alrededor de sus proyectos, formalmente los presentan al Congreso Nacional a los congresistas adultos encabezados por su presidente, Luis Redondo, con el af\u00e1n de decir \u201cbueno esto es lo que hemos trabajado y esperamos una respuesta a estos proyectos\u201d.<\/p>\n<p>La selecci\u00f3n de los congresistas infantiles es una tarea que realiza la Secretar\u00eda de Educaci\u00f3n y es un trabajo que toma bastante tiempo, para poder hacer la escogencia en los municipios, en las escuelas y despu\u00e9s una selecci\u00f3n departamental y ellos han transmitido a los padres de familia el agradecimiento de parte del Congreso Nacional por tener la confianza en este Poder del Estado.<\/p>\n<p>Fuente: La Tribuna<\/p>\n","protected":false},"excerpt":{"rendered":"<p>28.08.2024 El Congreso Nacional Infantil 2024, se instal\u00f3 oficialmente con la presencia de los diputados que representan a los 18 departamentos del pa\u00eds. Como siempre, en la actividad legislativa de los ni\u00f1os, que es la parte medular de este Congreso, se ha implementado que los ni\u00f1os verdaderamente tengan una experiencia legislativa. Para con ello, poder &hellip;<\/p>\n","protected":false},"author":0,"featured_media":78159,"comment_status":"open","ping_status":"open","sticky":false,"template":"","format":"standard","meta":{"_jetpack_memberships_contains_paid_content":false,"footnotes":""},"categories":[5],"tags":[],"class_list":["post-78158","post","type-post","status-publish","format-standard","has-post-thumbnail","","category-noticias"],"jetpack_sharing_enabled":true,"jetpack_featured_media_url":"https:\/\/mickyandoniehn.com\/radio\/wp-content\/uploads\/2024\/08\/hoy-se-clausura-el-congreso-infantil-696x356-2-8QpJa5.jpeg","_links":{"self":[{"href":"https:\/\/mickyandoniehn.com\/radio\/wp-json\/wp\/v2\/posts\/78158","targetHints":{"allow":["GET"]}}],"collection":[{"href":"https:\/\/mickyandoniehn.com\/radio\/wp-json\/wp\/v2\/posts"}],"about":[{"href":"https:\/\/mickyandoniehn.com\/radio\/wp-json\/wp\/v2\/types\/post"}],"replies":[{"embeddable":true,"href":"https:\/\/mickyandoniehn.com\/radio\/wp-json\/wp\/v2\/comments?post=78158"}],"version-history":[{"count":0,"href":"https:\/\/mickyandoniehn.com\/radio\/wp-json\/wp\/v2\/posts\/78158\/revisions"}],"wp:featuredmedia":[{"embeddable":true,"href":"https:\/\/mickyandoniehn.com\/radio\/wp-json\/wp\/v2\/media\/78159"}],"wp:attachment":[{"href":"https:\/\/mickyandoniehn.com\/radio\/wp-json\/wp\/v2\/media?parent=78158"}],"wp:term":[{"taxonomy":"category","embeddable":true,"href":"https:\/\/mickyandoniehn.com\/radio\/wp-json\/wp\/v2\/categories?post=78158"},{"taxonomy":"post_tag","embeddable":true,"href":"https:\/\/mickyandoniehn.com\/radio\/wp-json\/wp\/v2\/tags?post=78158"}],"curies":[{"name":"wp","href":"https:\/\/api.w.org\/{rel}","templated":true}]}}