{"id":78156,"date":"2024-08-28T09:16:00","date_gmt":"2024-08-28T15:16:00","guid":{"rendered":"http:\/\/mickyandoniehn.com\/radio\/2024\/08\/28\/dia-de-la-ancianidad-por-que-se-celebra-hoy-28-de-agosto\/"},"modified":"2024-08-28T09:16:00","modified_gmt":"2024-08-28T15:16:00","slug":"dia-de-la-ancianidad-por-que-se-celebra-hoy-28-de-agosto","status":"publish","type":"post","link":"https:\/\/mickyandoniehn.com\/radio\/2024\/08\/28\/dia-de-la-ancianidad-por-que-se-celebra-hoy-28-de-agosto\/","title":{"rendered":"D\u00eda de la Ancianidad: \u00bfpor qu\u00e9 se celebra hoy, 28 de agosto?"},"content":{"rendered":"<p>28.08.2024<\/p>\n<\/p>\n<p class=\"article-headline left\">El\u00a0D\u00eda de la Ancianidad\u00a0en Argentina se celebra el 28 de agosto en conmemoraci\u00f3n a la proclama de los\u00a0\u201cDerechos de\u00a0<a href=\"https:\/\/www.infobae.com\/salud\/2024\/08\/14\/envejecimiento-cuales-son-los-cambios-drasticos-en-el-cuerpo-a-los-40-y-60-anos\/\" target=\"_blank\" rel=\"noopener\">la Ancianidad<\/a>\u201d\u00a0realizada por\u00a0Eva Per\u00f3n\u00a0ese mismo d\u00eda en\u00a01948.\u00a0Bajo la convicci\u00f3n de que era necesario trascender las meras declaraciones, Eva Per\u00f3n present\u00f3 un dec\u00e1logo de derechos que inclu\u00eda la asistencia integral y la seguridad social para los adultos mayores.<\/p>\n<p>Eva Per\u00f3n\u00a0y la\u00a0Fundaci\u00f3n Eva Per\u00f3n, promovieron la construcci\u00f3n de hogares mixtos para ancianos y obtuvieron la sanci\u00f3n de una ley que otorgaba pensiones a las\u00a0personas mayores de 60 a\u00f1os sin amparo.\u00a0Argentina se convirti\u00f3 as\u00ed en pionera en la incorporaci\u00f3n de derechos espec\u00edficos para los adultos mayores en su legislaci\u00f3n. Estos derechos fueron a\u00f1adidos a la\u00a0Constituci\u00f3n de 1949\u00a0y ratificados por la\u00a0Asamblea General de las Naciones Unidas el 18 de noviembre de 1948.<\/p>\n<p class=\"paragraph\">El dec\u00e1logo busca asegurar que toda persona mayor tenga derecho a un trato digno, a la asistencia, a una vivienda higi\u00e9nica, alimentaci\u00f3n adecuada, vestido decoroso, cuidado de la salud f\u00edsica y moral, esparcimiento, ocupaci\u00f3n productiva, tranquilidad en la vejez y respeto.<\/p>\n<div class=\"headline-wrapper\">\n<h2 class=\"header headline-class-h2\">Cu\u00e1les son los derechos de la ancianidad<\/h2>\n<\/div>\n<p>Derecho a la asistencia: todo anciano tiene derecho a su protecci\u00f3n integral por parte de su familia. En caso de desamparo, le corresponde al Estado proveer dicha protecci\u00f3n, ya sea de manera directa o a trav\u00e9s de instituciones o fundaciones creadas con ese fin.<br \/>\nDerecho a la vivienda:\u00a0el derecho a un albergue higi\u00e9nico con un m\u00ednimo de comodidades hogare\u00f1as es inherente a la condici\u00f3n humana y debe ser garantizado.<br \/>\nDerecho a la alimentaci\u00f3n:\u00a0la alimentaci\u00f3n sana y adecuada a la edad y estado f\u00edsico de cada persona debe ser contemplada de manera particular para garantizar la salud de los adultos mayores.<br \/>\nDerecho al vestido:\u00a0el vestido decoroso y apropiado al clima complementa el derecho a la alimentaci\u00f3n, asegurando el bienestar integral de las personas mayores.<br \/>\nDerecho al cuidado de la salud f\u00edsica:\u00a0el cuidado de la salud f\u00edsica de los mayores debe ser una preocupaci\u00f3n especial y permanente para garantizar su bienestar.<br \/>\nDerecho al cuidado de la salud moral:\u00a0debe asegurarse el libre ejercicio de las expansiones espirituales y emocionales, en concordancia con la moral y el culto de cada individuo.<br \/>\nDerecho al esparcimiento:\u00a0las personas mayores tienen el derecho a gozar de un m\u00ednimo de entretenimientos que les permitan sobrellevar con satisfacci\u00f3n sus horas de espera y garantizar una vida plena.<br \/>\nDerecho al trabajo:\u00a0cuando el estado y las condiciones de salud lo permitan, se debe facilitar la ocupaci\u00f3n por medio de la labor terapia productiva para evitar la disminuci\u00f3n de la personalidad.<br \/>\nDerecho a la tranquilidad:\u00a0gozar de tranquilidad, libre de angustias y preocupaciones en los \u00faltimos a\u00f1os de vida, es un derecho esencial para los ancianos.<br \/>\nDerecho al respeto:\u00a0la ancianidad tiene derecho al respeto y consideraci\u00f3n de sus semejantes, garantizando su dignidad en todo momento.<br \/>\nA nivel mundial, el\u00a0D\u00eda de la Ancianidad\u00a0se conmemora el\u00a021 de junio,\u00a0fecha establecida tras una\u00a0Asamblea auspiciada por las Naciones Unidas en 1982. La\u00a0Asamblea Mundial sobre el Envejecimiento,\u00a0celebrada en Viena ese a\u00f1o, sirvi\u00f3 como foro para iniciar un programa internacional de acci\u00f3n encaminado a garantizar la seguridad econ\u00f3mica y social de las personas mayores, as\u00ed como oportunidades para que contribuyan al desarrollo de sus pa\u00edses.<\/p>\n<p class=\"paragraph\">El\u00a0Plan de Acci\u00f3n Internacional de Viena sobre el Envejecimiento, el primer instrumento internacional que sent\u00f3 las bases para la formulaci\u00f3n de pol\u00edticas sobre el envejecimiento, fue respaldado por la\u00a0Asamblea General de las Naciones Unidas\u00a0en la resoluci\u00f3n\u00a037\/51\u00a0y adoptado en la Asamblea Mundial sobre el Envejecimiento de 1982.<\/p>\n<p class=\"paragraph\">Actualmente, el proceso de envejecimiento poblacional es resultado de la mejora en las condiciones de vida, especialmente en salud y alimentaci\u00f3n.\u00a0Se estima que para el 2050 habr\u00e1 m\u00e1s de 2.000 millones de personas mayores de 60 a\u00f1os, superando por primera vez en la historia el n\u00famero de ni\u00f1os en el mundo.<\/p>\n<p>Fuente:INFOBAE<\/p>\n","protected":false},"excerpt":{"rendered":"<p>28.08.2024 El\u00a0D\u00eda de la Ancianidad\u00a0en Argentina se celebra el 28 de agosto en conmemoraci\u00f3n a la proclama de los\u00a0\u201cDerechos de\u00a0la Ancianidad\u201d\u00a0realizada por\u00a0Eva Per\u00f3n\u00a0ese mismo d\u00eda en\u00a01948.\u00a0Bajo la convicci\u00f3n de que era necesario trascender las meras declaraciones, Eva Per\u00f3n present\u00f3 un dec\u00e1logo de derechos que inclu\u00eda la asistencia integral y la seguridad social para los adultos &hellip;<\/p>\n","protected":false},"author":0,"featured_media":78157,"comment_status":"open","ping_status":"open","sticky":false,"template":"","format":"standard","meta":{"_jetpack_memberships_contains_paid_content":false,"footnotes":""},"categories":[5],"tags":[],"class_list":["post-78156","post","type-post","status-publish","format-standard","has-post-thumbnail","","category-noticias"],"jetpack_sharing_enabled":true,"jetpack_featured_media_url":"https:\/\/mickyandoniehn.com\/radio\/wp-content\/uploads\/2024\/08\/Imagen-dia-abuelos2-min-r7x6pb.jpeg","_links":{"self":[{"href":"https:\/\/mickyandoniehn.com\/radio\/wp-json\/wp\/v2\/posts\/78156","targetHints":{"allow":["GET"]}}],"collection":[{"href":"https:\/\/mickyandoniehn.com\/radio\/wp-json\/wp\/v2\/posts"}],"about":[{"href":"https:\/\/mickyandoniehn.com\/radio\/wp-json\/wp\/v2\/types\/post"}],"replies":[{"embeddable":true,"href":"https:\/\/mickyandoniehn.com\/radio\/wp-json\/wp\/v2\/comments?post=78156"}],"version-history":[{"count":0,"href":"https:\/\/mickyandoniehn.com\/radio\/wp-json\/wp\/v2\/posts\/78156\/revisions"}],"wp:featuredmedia":[{"embeddable":true,"href":"https:\/\/mickyandoniehn.com\/radio\/wp-json\/wp\/v2\/media\/78157"}],"wp:attachment":[{"href":"https:\/\/mickyandoniehn.com\/radio\/wp-json\/wp\/v2\/media?parent=78156"}],"wp:term":[{"taxonomy":"category","embeddable":true,"href":"https:\/\/mickyandoniehn.com\/radio\/wp-json\/wp\/v2\/categories?post=78156"},{"taxonomy":"post_tag","embeddable":true,"href":"https:\/\/mickyandoniehn.com\/radio\/wp-json\/wp\/v2\/tags?post=78156"}],"curies":[{"name":"wp","href":"https:\/\/api.w.org\/{rel}","templated":true}]}}