{"id":78152,"date":"2024-08-28T09:15:54","date_gmt":"2024-08-28T15:15:54","guid":{"rendered":"http:\/\/mickyandoniehn.com\/radio\/2024\/08\/28\/policia-nacional-anuncia-calles-cerradas-en-la-capital-para-el-miercoles-28-de-agosto\/"},"modified":"2024-08-28T09:15:54","modified_gmt":"2024-08-28T15:15:54","slug":"policia-nacional-anuncia-calles-cerradas-en-la-capital-para-el-miercoles-28-de-agosto","status":"publish","type":"post","link":"https:\/\/mickyandoniehn.com\/radio\/2024\/08\/28\/policia-nacional-anuncia-calles-cerradas-en-la-capital-para-el-miercoles-28-de-agosto\/","title":{"rendered":"Polic\u00eda Nacional anuncia calles cerradas en la capital para el mi\u00e9rcoles 28 de agosto"},"content":{"rendered":"<div class=\"onesignal-slidedown-container onesignal-reset slide-down\">\n<div class=\"onesignal-slidedown-dialog\">\n<div>\n<div class=\"slidedown-footer\"><button class=\"align-right secondary slidedown-button\">28.08.2024<\/button><\/p>\n<div class=\"herald-site-content herald-slide\">\n<div class=\"herald-section container \">\n<div class=\"row\">\n<div class=\"col-lg-9 col-md-9 col-mod-single col-mod-main\">\n<div class=\"row\">\n<div class=\"col-lg-10 col-md-10 col-sm-10\">\n<div class=\"entry-content herald-entry-content\">\n<\/div>\n<\/div>\n<div class=\"col-lg-12 col-md-12 col-sm-12\">\n<div class=\"herald-related-wrapper\">\n<div class=\"herald-related row row-eq-height\">\n<div class=\"entry-header\">\n<h2 class=\"entry-title h6\"><\/h2>\n<\/div>\n<\/div>\n<\/div>\n<\/div>\n<\/div>\n<\/div>\n<\/div>\n<\/div>\n<\/div>\n<\/div>\n<\/div>\n<\/div>\n<\/div>\n<p>La\u00a0<strong>Polic\u00eda Nacional de\u00a0<a class=\"google-anno\" href=\"https:\/\/www.oncenoticias.hn\/nacionales\/policia-nacional-anuncia-calles-cerradas-en-la-capital-miercoles-28-de-agosto-congreso-infantil-centro\/#\">\u00a0<span class=\"google-anno-t\">Honduras<\/span><\/a><\/strong>, anunci\u00f3 que varias<strong>\u00a0calles cerradas<\/strong>\u00a0en la capital para la ma\u00f1ana del mi\u00e9rcoles 28 de agosto, por la instalaci\u00f3n del Congreso Infantil, que ser\u00e1 en el hemiciclo legislativo.<\/p>\n<p>Seg\u00fan las declaraciones de las autoridades policiales, el cierre iniciar\u00e1 a las 5:00 de la ma\u00f1ana, y permanecer\u00e1 hasta las 10:00 A.M<\/p>\n<h2 class=\"wp-block-heading\">Calles cerradas en el centro de la capital<\/h2>\n<p>Intersecci\u00f3n calle del Olvido a calle de INTUR.<br \/>\nPuente Mallol.<br \/>\nIntersecci\u00f3n Marco Aurelio Soto y Puente Soberan\u00eda.<br \/>\nIntersecci\u00f3n avenida Miguel Cervantes y Calle Mendieta.<br \/>\nCalle Bol\u00edvar, avenida Miguel Cervantes y calle Matute.<\/p>\n<p><strong>E<\/strong>n ese sentido, tambi\u00e9n se mencion\u00f3 que los puntos de taxis buses, ser\u00e1n acomodados en puntos estrat\u00e9gicos, para que no se vea interrumpido el servicio que prestan.<\/p>\n<p>Fuente Once noticias<\/p>\n","protected":false},"excerpt":{"rendered":"<p>28.08.2024 La\u00a0Polic\u00eda Nacional de\u00a0\u00a0Honduras, anunci\u00f3 que varias\u00a0calles cerradas\u00a0en la capital para la ma\u00f1ana del mi\u00e9rcoles 28 de agosto, por la instalaci\u00f3n del Congreso Infantil, que ser\u00e1 en el hemiciclo legislativo. Seg\u00fan las declaraciones de las autoridades policiales, el cierre iniciar\u00e1 a las 5:00 de la ma\u00f1ana, y permanecer\u00e1 hasta las 10:00 A.M Calles cerradas en &hellip;<\/p>\n","protected":false},"author":0,"featured_media":78153,"comment_status":"open","ping_status":"open","sticky":false,"template":"","format":"standard","meta":{"_jetpack_memberships_contains_paid_content":false,"footnotes":""},"categories":[5],"tags":[],"class_list":["post-78152","post","type-post","status-publish","format-standard","has-post-thumbnail","","category-noticias"],"jetpack_sharing_enabled":true,"jetpack_featured_media_url":"https:\/\/mickyandoniehn.com\/radio\/wp-content\/uploads\/2024\/08\/GWB3gOaWMAAa_T9.jpeg-NNEpOP.webp","_links":{"self":[{"href":"https:\/\/mickyandoniehn.com\/radio\/wp-json\/wp\/v2\/posts\/78152","targetHints":{"allow":["GET"]}}],"collection":[{"href":"https:\/\/mickyandoniehn.com\/radio\/wp-json\/wp\/v2\/posts"}],"about":[{"href":"https:\/\/mickyandoniehn.com\/radio\/wp-json\/wp\/v2\/types\/post"}],"replies":[{"embeddable":true,"href":"https:\/\/mickyandoniehn.com\/radio\/wp-json\/wp\/v2\/comments?post=78152"}],"version-history":[{"count":0,"href":"https:\/\/mickyandoniehn.com\/radio\/wp-json\/wp\/v2\/posts\/78152\/revisions"}],"wp:featuredmedia":[{"embeddable":true,"href":"https:\/\/mickyandoniehn.com\/radio\/wp-json\/wp\/v2\/media\/78153"}],"wp:attachment":[{"href":"https:\/\/mickyandoniehn.com\/radio\/wp-json\/wp\/v2\/media?parent=78152"}],"wp:term":[{"taxonomy":"category","embeddable":true,"href":"https:\/\/mickyandoniehn.com\/radio\/wp-json\/wp\/v2\/categories?post=78152"},{"taxonomy":"post_tag","embeddable":true,"href":"https:\/\/mickyandoniehn.com\/radio\/wp-json\/wp\/v2\/tags?post=78152"}],"curies":[{"name":"wp","href":"https:\/\/api.w.org\/{rel}","templated":true}]}}