{"id":78142,"date":"2024-08-27T14:12:31","date_gmt":"2024-08-27T20:12:31","guid":{"rendered":"http:\/\/mickyandoniehn.com\/radio\/2024\/08\/27\/cortes-de-energia-electrica-para-el-miercoles-28-de-agosto-en-honduras\/"},"modified":"2024-08-27T14:12:31","modified_gmt":"2024-08-27T20:12:31","slug":"cortes-de-energia-electrica-para-el-miercoles-28-de-agosto-en-honduras","status":"publish","type":"post","link":"https:\/\/mickyandoniehn.com\/radio\/2024\/08\/27\/cortes-de-energia-electrica-para-el-miercoles-28-de-agosto-en-honduras\/","title":{"rendered":"Cortes de energ\u00eda el\u00e9ctrica para el mi\u00e9rcoles 28 de agosto en Honduras"},"content":{"rendered":"<\/p>\n<p>Tegucigalpa \u2013 27.08.2024<\/p>\n<p><strong><em>Cofrad\u00eda, Villanueva, El Progreso, Aldea Las Pe\u00f1itas y Santa Rosa<\/em><\/strong>\u00a0ser\u00e1n los lugares afectados para este mi\u00e9rcoles 28 de agosto en Honduras, anunci\u00f3 la\u00a0<strong>Empresa Nacional de Energ\u00eda El\u00e9ctrica\u00a0<\/strong>(ENEE).<\/p>\n<p>En el comunicado, que fue publicado en Twitter, hoy X, se informa que los trabajos a realizar este d\u00eda son: extensi\u00f3n de l\u00ednea primaria y mantenimiento general de los circuitos.<\/p>\n<div class=\"banner-destock-300x250\"><\/div>\n<div class=\"row\">\n<div class=\"col-md-12\">\n<div class=\"text-center 1625630037460\">\n<div class=\"justify-content-center w-100 banner720\">\n<div><\/div>\n<\/div>\n<\/div>\n<\/div>\n<\/div>\n<p>\u00ab<em>Con el objetivo de mantener en \u00f3ptimas condiciones el sistema el\u00e9ctrico y la continuidad en el servicio de energ\u00eda, conozca las zonas que estar\u00e1n en mantenimiento el mi\u00e9rcoles 28 de agosto de 2024<\/em>\u00ab, se lee.<\/p>\n<h2>Sitios afectados:<\/h2>\n<h4>Cofrad\u00eda y Villanueva: 8:30 am a 4:30 pm:<\/h4>\n<p>Col. 6 de mayo, Col. El Mango, Col. 2 de julio, Col. 15 de enero, Aldea El Escondido, Col. Palmarejo, Col. Contreras, Col. Palos Blancos, Col. El Morro, Col. Suyapa, Col. Santa Ana y Aldea El Guiral.<\/p>\n<div><\/div>\n<h4>El Progreso: 8:15 am a 4:15 pm:<\/h4>\n<p>Col. Mangandi, Colonia 2 de marzo, Colonia Altos de El Progreso, Colonia Ram\u00edrez Reina, Colonia Rodolfo C\u00e1rcamo, Residencial El Progreso, Col. La Ca\u00f1ada, Col. Jensen, Esperanza de Jes\u00fas y zonas aleda\u00f1as.<\/p>\n<h4>Aldea Las Pe\u00f1itas: 8:15 am a 4:15 pm:<\/h4>\n<p>Aldea Pe\u00f1itas, San Pedro Sula.<\/p>\n<p>\u00a0<\/p>\n<p>Fuente: Tu Nota<\/p>\n","protected":false},"excerpt":{"rendered":"<p>Tegucigalpa \u2013 27.08.2024 Cofrad\u00eda, Villanueva, El Progreso, Aldea Las Pe\u00f1itas y Santa Rosa\u00a0ser\u00e1n los lugares afectados para este mi\u00e9rcoles 28 de agosto en Honduras, anunci\u00f3 la\u00a0Empresa Nacional de Energ\u00eda El\u00e9ctrica\u00a0(ENEE). En el comunicado, que fue publicado en Twitter, hoy X, se informa que los trabajos a realizar este d\u00eda son: extensi\u00f3n de l\u00ednea primaria y &hellip;<\/p>\n","protected":false},"author":0,"featured_media":78143,"comment_status":"open","ping_status":"open","sticky":false,"template":"","format":"standard","meta":{"_jetpack_memberships_contains_paid_content":false,"footnotes":""},"categories":[5],"tags":[],"class_list":["post-78142","post","type-post","status-publish","format-standard","has-post-thumbnail","","category-noticias"],"jetpack_sharing_enabled":true,"jetpack_featured_media_url":"https:\/\/mickyandoniehn.com\/radio\/wp-content\/uploads\/2024\/08\/Imagen-de-WhatsApp-2024-07-24-a-las-11.01.39_1b3827f9-4-pzlYtQ.jpeg","_links":{"self":[{"href":"https:\/\/mickyandoniehn.com\/radio\/wp-json\/wp\/v2\/posts\/78142","targetHints":{"allow":["GET"]}}],"collection":[{"href":"https:\/\/mickyandoniehn.com\/radio\/wp-json\/wp\/v2\/posts"}],"about":[{"href":"https:\/\/mickyandoniehn.com\/radio\/wp-json\/wp\/v2\/types\/post"}],"replies":[{"embeddable":true,"href":"https:\/\/mickyandoniehn.com\/radio\/wp-json\/wp\/v2\/comments?post=78142"}],"version-history":[{"count":0,"href":"https:\/\/mickyandoniehn.com\/radio\/wp-json\/wp\/v2\/posts\/78142\/revisions"}],"wp:featuredmedia":[{"embeddable":true,"href":"https:\/\/mickyandoniehn.com\/radio\/wp-json\/wp\/v2\/media\/78143"}],"wp:attachment":[{"href":"https:\/\/mickyandoniehn.com\/radio\/wp-json\/wp\/v2\/media?parent=78142"}],"wp:term":[{"taxonomy":"category","embeddable":true,"href":"https:\/\/mickyandoniehn.com\/radio\/wp-json\/wp\/v2\/categories?post=78142"},{"taxonomy":"post_tag","embeddable":true,"href":"https:\/\/mickyandoniehn.com\/radio\/wp-json\/wp\/v2\/tags?post=78142"}],"curies":[{"name":"wp","href":"https:\/\/api.w.org\/{rel}","templated":true}]}}