{"id":78136,"date":"2024-08-27T13:17:15","date_gmt":"2024-08-27T19:17:15","guid":{"rendered":"http:\/\/mickyandoniehn.com\/radio\/2024\/08\/27\/a-traves-del-sace-se-sometera-a-votacion-nueva-ley-de-inprema\/"},"modified":"2024-08-27T13:17:15","modified_gmt":"2024-08-27T19:17:15","slug":"a-traves-del-sace-se-sometera-a-votacion-nueva-ley-de-inprema","status":"publish","type":"post","link":"https:\/\/mickyandoniehn.com\/radio\/2024\/08\/27\/a-traves-del-sace-se-sometera-a-votacion-nueva-ley-de-inprema\/","title":{"rendered":"A trav\u00e9s del SACE se someter\u00e1 a votaci\u00f3n nueva Ley de Inprema"},"content":{"rendered":"<\/p>\n<p>Tegucigalpa \u2013 27.08.2024<\/p>\n<p>Los conflictos por las reformas a la\u00a0Ley\u00a0del Instituto Nacional de Previsi\u00f3n del Magisterio\u00a0(Inprema)\u00a0contin\u00faan. Ayer, nuevamente, los docentes que est\u00e1n en contra de las reformas\u00a0tomaron las instalaciones.<\/p>\n<p>Desde el Inprema sostienen que, debido a las protestas, se est\u00e1n perdiendo m\u00e1s de 100 millones de lempiras al d\u00eda. Es decir, que hasta la fecha ya se registran alrededor de 400 millones de lempiras en p\u00e9rdidas.<\/p>\n<p>Ante la crisis, la Secretar\u00eda de Educaci\u00f3n decidi\u00f3 implementar un nuevo plan para abordar la problem\u00e1tica generada por las reformas propuestas.<\/p>\n<div class=\"adnotas\">\n<div class=\"text-center\"><\/div>\n<\/div>\n<p>A trav\u00e9s del\u00a0<a href=\"https:\/\/sace.se.gob.hn\/\">Sistema de Administraci\u00f3n de Centros Educativos\u00a0(SACE),\u00a0<\/a>una plataforma dise\u00f1ada para automatizar y estandarizar la administraci\u00f3n en los centros educativos, se habilitar\u00e1 un mecanismo para que los docentes puedan expresar su postura\u00a0sobre las reformas.<\/p>\n<p>El ministro de Educaci\u00f3n, Daniel Sponda, anunci\u00f3 que a partir de ma\u00f1ana, unos 67,000 docentes activos tendr\u00e1n la oportunidad de votar a trav\u00e9s de la mencionada plataforma.<\/p>\n<p>Fuente: El Heraldo<\/p>\n","protected":false},"excerpt":{"rendered":"<p>Tegucigalpa \u2013 27.08.2024 Los conflictos por las reformas a la\u00a0Ley\u00a0del Instituto Nacional de Previsi\u00f3n del Magisterio\u00a0(Inprema)\u00a0contin\u00faan. Ayer, nuevamente, los docentes que est\u00e1n en contra de las reformas\u00a0tomaron las instalaciones. Desde el Inprema sostienen que, debido a las protestas, se est\u00e1n perdiendo m\u00e1s de 100 millones de lempiras al d\u00eda. Es decir, que hasta la fecha &hellip;<\/p>\n","protected":false},"author":0,"featured_media":78137,"comment_status":"open","ping_status":"open","sticky":false,"template":"","format":"standard","meta":{"_jetpack_memberships_contains_paid_content":false,"footnotes":""},"categories":[5],"tags":[],"class_list":["post-78136","post","type-post","status-publish","format-standard","has-post-thumbnail","","category-noticias"],"jetpack_sharing_enabled":true,"jetpack_featured_media_url":"https:\/\/mickyandoniehn.com\/radio\/wp-content\/uploads\/2024\/08\/inprema-4_8377468_20240826181720-BjTCRG.jpeg","_links":{"self":[{"href":"https:\/\/mickyandoniehn.com\/radio\/wp-json\/wp\/v2\/posts\/78136","targetHints":{"allow":["GET"]}}],"collection":[{"href":"https:\/\/mickyandoniehn.com\/radio\/wp-json\/wp\/v2\/posts"}],"about":[{"href":"https:\/\/mickyandoniehn.com\/radio\/wp-json\/wp\/v2\/types\/post"}],"replies":[{"embeddable":true,"href":"https:\/\/mickyandoniehn.com\/radio\/wp-json\/wp\/v2\/comments?post=78136"}],"version-history":[{"count":0,"href":"https:\/\/mickyandoniehn.com\/radio\/wp-json\/wp\/v2\/posts\/78136\/revisions"}],"wp:featuredmedia":[{"embeddable":true,"href":"https:\/\/mickyandoniehn.com\/radio\/wp-json\/wp\/v2\/media\/78137"}],"wp:attachment":[{"href":"https:\/\/mickyandoniehn.com\/radio\/wp-json\/wp\/v2\/media?parent=78136"}],"wp:term":[{"taxonomy":"category","embeddable":true,"href":"https:\/\/mickyandoniehn.com\/radio\/wp-json\/wp\/v2\/categories?post=78136"},{"taxonomy":"post_tag","embeddable":true,"href":"https:\/\/mickyandoniehn.com\/radio\/wp-json\/wp\/v2\/tags?post=78136"}],"curies":[{"name":"wp","href":"https:\/\/api.w.org\/{rel}","templated":true}]}}