{"id":78132,"date":"2024-08-27T08:15:44","date_gmt":"2024-08-27T14:15:44","guid":{"rendered":"http:\/\/mickyandoniehn.com\/radio\/2024\/08\/27\/pesimo-estado-asi-luce-el-estadio-morazan-a-pocos-dias-del-real-espana-olimpia\/"},"modified":"2024-08-27T08:15:44","modified_gmt":"2024-08-27T14:15:44","slug":"pesimo-estado-asi-luce-el-estadio-morazan-a-pocos-dias-del-real-espana-olimpia","status":"publish","type":"post","link":"https:\/\/mickyandoniehn.com\/radio\/2024\/08\/27\/pesimo-estado-asi-luce-el-estadio-morazan-a-pocos-dias-del-real-espana-olimpia\/","title":{"rendered":"\u00bfP\u00e9simo estado? As\u00ed luce el Estadio Moraz\u00e1n a pocos d\u00edas del Real Espa\u00f1a-Olimpia"},"content":{"rendered":"<p>Tegucigalpa | 27. 08.2024<\/p>\n<p>El engramillado del Estadio Moraz\u00e1n se encuentra en malas condiciones a pocos d\u00edas del cl\u00e1sico Real Espa\u00f1a vs Olimpia. \u00a1Quitaron la imagen de Mario Moncada!<\/p>\n<div class=\"caption\">\n<p>Seg\u00fan declar\u00f3 Roberto Contreras, alcalde de San Pedro Sula, el choque entre Real Espa\u00f1a vs Olimpia no se jugar\u00eda el domingo 1 de septiembre en el Estadio Moraz\u00e1n de SPS.<\/p>\n<\/div>\n<p>Fuente: El Heraldo<\/p>\n","protected":false},"excerpt":{"rendered":"<p>Tegucigalpa | 27. 08.2024 El engramillado del Estadio Moraz\u00e1n se encuentra en malas condiciones a pocos d\u00edas del cl\u00e1sico Real Espa\u00f1a vs Olimpia. \u00a1Quitaron la imagen de Mario Moncada! Seg\u00fan declar\u00f3 Roberto Contreras, alcalde de San Pedro Sula, el choque entre Real Espa\u00f1a vs Olimpia no se jugar\u00eda el domingo 1 de septiembre en el &hellip;<\/p>\n","protected":false},"author":0,"featured_media":78133,"comment_status":"open","ping_status":"open","sticky":false,"template":"","format":"standard","meta":{"_jetpack_memberships_contains_paid_content":false,"footnotes":""},"categories":[5],"tags":[],"class_list":["post-78132","post","type-post","status-publish","format-standard","has-post-thumbnail","","category-noticias"],"jetpack_sharing_enabled":true,"jetpack_featured_media_url":"https:\/\/mickyandoniehn.com\/radio\/wp-content\/uploads\/2024\/08\/IMG_0757-HKACCs.jpeg","_links":{"self":[{"href":"https:\/\/mickyandoniehn.com\/radio\/wp-json\/wp\/v2\/posts\/78132","targetHints":{"allow":["GET"]}}],"collection":[{"href":"https:\/\/mickyandoniehn.com\/radio\/wp-json\/wp\/v2\/posts"}],"about":[{"href":"https:\/\/mickyandoniehn.com\/radio\/wp-json\/wp\/v2\/types\/post"}],"replies":[{"embeddable":true,"href":"https:\/\/mickyandoniehn.com\/radio\/wp-json\/wp\/v2\/comments?post=78132"}],"version-history":[{"count":0,"href":"https:\/\/mickyandoniehn.com\/radio\/wp-json\/wp\/v2\/posts\/78132\/revisions"}],"wp:featuredmedia":[{"embeddable":true,"href":"https:\/\/mickyandoniehn.com\/radio\/wp-json\/wp\/v2\/media\/78133"}],"wp:attachment":[{"href":"https:\/\/mickyandoniehn.com\/radio\/wp-json\/wp\/v2\/media?parent=78132"}],"wp:term":[{"taxonomy":"category","embeddable":true,"href":"https:\/\/mickyandoniehn.com\/radio\/wp-json\/wp\/v2\/categories?post=78132"},{"taxonomy":"post_tag","embeddable":true,"href":"https:\/\/mickyandoniehn.com\/radio\/wp-json\/wp\/v2\/tags?post=78132"}],"curies":[{"name":"wp","href":"https:\/\/api.w.org\/{rel}","templated":true}]}}