{"id":78122,"date":"2024-08-27T08:15:31","date_gmt":"2024-08-27T14:15:31","guid":{"rendered":"http:\/\/mickyandoniehn.com\/radio\/2024\/08\/27\/el-tambien-congresista-expreso-su-preocupacion-ante-la-falta-de-accion-por-parte-de-la-poblacion-en-la-eliminacion-de-criaderos-de-mosquitos-uno-de-los-principales-factores-en-la-propagacion-de-la-en\/"},"modified":"2024-08-27T08:15:31","modified_gmt":"2024-08-27T14:15:31","slug":"el-tambien-congresista-expreso-su-preocupacion-ante-la-falta-de-accion-por-parte-de-la-poblacion-en-la-eliminacion-de-criaderos-de-mosquitos-uno-de-los-principales-factores-en-la-propagacion-de-la-en","status":"publish","type":"post","link":"https:\/\/mickyandoniehn.com\/radio\/2024\/08\/27\/el-tambien-congresista-expreso-su-preocupacion-ante-la-falta-de-accion-por-parte-de-la-poblacion-en-la-eliminacion-de-criaderos-de-mosquitos-uno-de-los-principales-factores-en-la-propagacion-de-la-en\/","title":{"rendered":"El tambi\u00e9n congresista expres\u00f3 su preocupaci\u00f3n ante la falta de acci\u00f3n por parte de la poblaci\u00f3n en la eliminaci\u00f3n de criaderos de mosquitos, uno de los principales factores en la propagaci\u00f3n de la enfermedad.Si"},"content":{"rendered":"<p>Tegucigalpa | 27.08.2024<\/p>\n<p>Una<strong> investigaci\u00f3n<\/strong> realizada al proceso administrativo para la obtenci\u00f3n de una licencia ambiental en Honduras, determin\u00f3 que existe<strong>ineficiencia gubernamental <\/strong>ante la falta <strong>de licencias ambientales,<\/strong> seg\u00fan el <strong>Consejo Hondure\u00f1o de la Empresa Privada<\/strong> (Cohep)<\/p>\n<p>Por qu\u00e9 tanta demora en los tiempos, por qu\u00e9 tanto tr\u00e1mite, por qu\u00e9 tanto costo, por qu\u00e9 tanta displicencia\u00bb. \u00abSi se quiere decir as\u00ed en el manejo de estas licencias\u00bb, denunci\u00f3 Santiago Herrera, Gerente de pol\u00edtica econ\u00f3mica, Cohep.<\/p>\n<p>\u00a0<\/p>\n<p>Fuente: HRN<\/p>\n","protected":false},"excerpt":{"rendered":"<p>Tegucigalpa | 27.08.2024 Una investigaci\u00f3n realizada al proceso administrativo para la obtenci\u00f3n de una licencia ambiental en Honduras, determin\u00f3 que existeineficiencia gubernamental ante la falta de licencias ambientales, seg\u00fan el Consejo Hondure\u00f1o de la Empresa Privada (Cohep) Por qu\u00e9 tanta demora en los tiempos, por qu\u00e9 tanto tr\u00e1mite, por qu\u00e9 tanto costo, por qu\u00e9 tanta &hellip;<\/p>\n","protected":false},"author":0,"featured_media":78123,"comment_status":"open","ping_status":"open","sticky":false,"template":"","format":"standard","meta":{"_jetpack_memberships_contains_paid_content":false,"footnotes":""},"categories":[5],"tags":[],"class_list":["post-78122","post","type-post","status-publish","format-standard","has-post-thumbnail","","category-noticias"],"jetpack_sharing_enabled":true,"jetpack_featured_media_url":"https:\/\/mickyandoniehn.com\/radio\/wp-content\/uploads\/2024\/08\/IMG_0762-M1fcva.jpeg","_links":{"self":[{"href":"https:\/\/mickyandoniehn.com\/radio\/wp-json\/wp\/v2\/posts\/78122","targetHints":{"allow":["GET"]}}],"collection":[{"href":"https:\/\/mickyandoniehn.com\/radio\/wp-json\/wp\/v2\/posts"}],"about":[{"href":"https:\/\/mickyandoniehn.com\/radio\/wp-json\/wp\/v2\/types\/post"}],"replies":[{"embeddable":true,"href":"https:\/\/mickyandoniehn.com\/radio\/wp-json\/wp\/v2\/comments?post=78122"}],"version-history":[{"count":0,"href":"https:\/\/mickyandoniehn.com\/radio\/wp-json\/wp\/v2\/posts\/78122\/revisions"}],"wp:featuredmedia":[{"embeddable":true,"href":"https:\/\/mickyandoniehn.com\/radio\/wp-json\/wp\/v2\/media\/78123"}],"wp:attachment":[{"href":"https:\/\/mickyandoniehn.com\/radio\/wp-json\/wp\/v2\/media?parent=78122"}],"wp:term":[{"taxonomy":"category","embeddable":true,"href":"https:\/\/mickyandoniehn.com\/radio\/wp-json\/wp\/v2\/categories?post=78122"},{"taxonomy":"post_tag","embeddable":true,"href":"https:\/\/mickyandoniehn.com\/radio\/wp-json\/wp\/v2\/tags?post=78122"}],"curies":[{"name":"wp","href":"https:\/\/api.w.org\/{rel}","templated":true}]}}