{"id":78120,"date":"2024-08-27T01:38:06","date_gmt":"2024-08-27T07:38:06","guid":{"rendered":"http:\/\/mickyandoniehn.com\/radio\/2024\/08\/27\/75-colegios-participaran-en-los-desfiles-patrios-del-15-de-septiembre-en-tgu\/"},"modified":"2024-08-27T01:38:06","modified_gmt":"2024-08-27T07:38:06","slug":"75-colegios-participaran-en-los-desfiles-patrios-del-15-de-septiembre-en-tgu","status":"publish","type":"post","link":"https:\/\/mickyandoniehn.com\/radio\/2024\/08\/27\/75-colegios-participaran-en-los-desfiles-patrios-del-15-de-septiembre-en-tgu\/","title":{"rendered":"75 colegios participar\u00e1n en los desfiles patrios del 15 de Septiembre en TGU"},"content":{"rendered":"<\/p>\n<p>26.08.2024<\/p>\n<p>El viceministro de Educaci\u00f3n, Edwin Hern\u00e1ndez, inform\u00f3 este domingo que\u00a0<strong>75 institutos del nivel medio\u00a0<\/strong>de la capital hondure\u00f1a\u00a0<strong>participar\u00e1n en los desfiles<\/strong>\u00a0de las fiestas patrias del\u00a0<strong>15 de Septiembre.<\/strong><\/p>\n<p>\u00abHemos resuelto los inconvenientes de inscripci\u00f3n y todos los institutos est\u00e1n confirmados para el desfile\u00bb, explic\u00f3 Hern\u00e1ndez.<\/p>\n<p>Asimismo, confirm\u00f3 que la movilizaci\u00f3n de las festividades, que incluyen desfiles y actos conmemorativos, est\u00e1 programada para comenzar el pr\u00f3ximo 31 de agosto.<\/p>\n<p>Hern\u00e1ndez asegur\u00f3 que la coordinaci\u00f3n con los organismos de socorro y emergencias est\u00e1 completamente sincronizada.<\/p>\n<p>\u00abTenemos todo preparado para garantizar la seguridad durante los eventos. Solo estamos esperando que se defina la fecha exacta para iniciar las actividades\u00bb, se\u00f1al\u00f3.<\/p>\n<h2><strong>Actividades y desfiles<\/strong><\/h2>\n<p>Las festividades iniciar\u00e1n con el arr\u00edo y la quema de la bandera el 31 de agosto. El 1 de septiembre se izar\u00e1 la bandera en el Cerro Juana Lainez, seguido de los actos conmemorativos a lo largo del mes.<\/p>\n<p>La antorcha patri\u00f3tica, que ingresar\u00e1 por la aduana de El Amatillo, recorrer\u00e1 Valle, Comayagua, Francisco Moraz\u00e1n y El Para\u00edso antes de ser entregada a los nicarag\u00fcenses, a\u00f1adi\u00f3 el funcionario.<\/p>\n<p>Para evitar molestias entre los padres y estudiantes, se ha establecido un horario escalonado para la incorporaci\u00f3n de los centros educativos en las festividades, ampli\u00f3 Hern\u00e1ndez.<\/p>\n<p>\u00abEstamos organizando los bloques de manera que los centros no tengan que esperar mucho tiempo. Cada bloque tiene un horario espec\u00edfico para su llegada, evitando as\u00ed largas exposiciones al sol\u00bb, detall\u00f3.<\/p>\n<h3><strong>No participar\u00e1 en los desfiles la comunidad LGTBI<\/strong><\/h3>\n<p>En cuanto a la\u00a0posible participaci\u00f3n\u00a0de la comunidad L\u00e9sbico, Gais, Bisexuales, Transg\u00e9nero e Intersexuales\u00a0(LGBTI), el viceministro aclar\u00f3 que la Secretar\u00eda de Educaci\u00f3n\u00a0<a href=\"https:\/\/www.tunota.com\/honduras-hoy\/articulo\/desfiles-del-15-septiembre-proteger-piel-dermatologa-2023-09-07\">no tiene contemplada su inclusi\u00f3n en el evento.<\/a><\/p>\n<p>\u00abQue nosotros tengamos entendido no, porque nosotros inscribimos centros educativos y en funci\u00f3n de eso, nosotros programamos nuestra movilizaci\u00f3n.\u00a0Desconocemos si ellos en alg\u00fan momento antes o despu\u00e9s del desfile se van a movilizar,\u00a0en todo caso,\u00a0no es responsabilidad nuestra\u00bb, aclar\u00f3 Hern\u00e1ndez.<\/p>\n<p>El aniversario de la independencia\u00a0 patria, se celebra cada a\u00f1o el 15 de septiembre; fecha especial para todos los hondure\u00f1os que conmemoran con orgullo, los 203 a\u00f1os de libertad y soberan\u00eda de nuestro pa\u00eds.<\/p>\n<h4><strong>Sobre el 15 de Septiembre<\/strong><\/h4>\n<p>Cada\u00a015 de septiembre Honduras\u00a0conmemora el\u00a0D\u00eda de la Independencia\u00a0sobre la corona espa\u00f1ola y en esta oportunidad el pa\u00eds\u00a0festeja 203 a\u00f1os de emancipaci\u00f3n pol\u00edtica.<\/p>\n<p>La historia de esta fecha comienza el\u00a015 de septiembre de 1821, cuando la provincia de\u00a0Guatemala\u00a0reclama la independencia de\u00a0Centroam\u00e9rica, en donde Jos\u00e9 Cecilio del Valle firm\u00f3 el\u00a0Acta de Independencia.<\/p>\n<h5><strong>\u00bfC\u00f3mo celebra Honduras el D\u00eda de la Independencia?<\/strong><\/h5>\n<p>Durante este d\u00eda, en todo el territorio se celebra con desfiles, en donde participan escuelas y\u00a0colegios,\u00a0coloridas\u00a0carrozas\u00a0y bandas de guerra. En algunos lugares se presentan\u00a0danzas\u00a0nacionales, la\u00a0historia\u00a0y cultura hondure\u00f1a.<\/p>\n<p>En la capital del pa\u00eds,\u00a0Tegucigalpa, se realiza un show de acrobacias a\u00e9reas, el cual es realizado por la\u00a0Fuerza A\u00e9rea, adem\u00e1s se lleva a cabo el espect\u00e1culo de paracaidistas.<\/p>\n<p>Del mismo modo, en el\u00a0Cerro Juana La\u00ednez\u00a0se efect\u00faan los tradicionales 21 ca\u00f1onazos, siendo estos un\u00a0saludo militar\u00a0para inaugurar los desfiles patrios, esto seg\u00fan el historiador\u00a0Roberto Canizales.<\/p>\n<p>Fuente: Tu Nota<\/p>\n","protected":false},"excerpt":{"rendered":"<p>26.08.2024 El viceministro de Educaci\u00f3n, Edwin Hern\u00e1ndez, inform\u00f3 este domingo que\u00a075 institutos del nivel medio\u00a0de la capital hondure\u00f1a\u00a0participar\u00e1n en los desfiles\u00a0de las fiestas patrias del\u00a015 de Septiembre. \u00abHemos resuelto los inconvenientes de inscripci\u00f3n y todos los institutos est\u00e1n confirmados para el desfile\u00bb, explic\u00f3 Hern\u00e1ndez. Asimismo, confirm\u00f3 que la movilizaci\u00f3n de las festividades, que incluyen desfiles &hellip;<\/p>\n","protected":false},"author":0,"featured_media":78121,"comment_status":"open","ping_status":"open","sticky":false,"template":"","format":"standard","meta":{"_jetpack_memberships_contains_paid_content":false,"footnotes":""},"categories":[5],"tags":[],"class_list":["post-78120","post","type-post","status-publish","format-standard","has-post-thumbnail","","category-noticias"],"jetpack_sharing_enabled":true,"jetpack_featured_media_url":"https:\/\/mickyandoniehn.com\/radio\/wp-content\/uploads\/2024\/08\/principal_desfiles_patrios-TVNNbJ.jpeg","_links":{"self":[{"href":"https:\/\/mickyandoniehn.com\/radio\/wp-json\/wp\/v2\/posts\/78120","targetHints":{"allow":["GET"]}}],"collection":[{"href":"https:\/\/mickyandoniehn.com\/radio\/wp-json\/wp\/v2\/posts"}],"about":[{"href":"https:\/\/mickyandoniehn.com\/radio\/wp-json\/wp\/v2\/types\/post"}],"replies":[{"embeddable":true,"href":"https:\/\/mickyandoniehn.com\/radio\/wp-json\/wp\/v2\/comments?post=78120"}],"version-history":[{"count":0,"href":"https:\/\/mickyandoniehn.com\/radio\/wp-json\/wp\/v2\/posts\/78120\/revisions"}],"wp:featuredmedia":[{"embeddable":true,"href":"https:\/\/mickyandoniehn.com\/radio\/wp-json\/wp\/v2\/media\/78121"}],"wp:attachment":[{"href":"https:\/\/mickyandoniehn.com\/radio\/wp-json\/wp\/v2\/media?parent=78120"}],"wp:term":[{"taxonomy":"category","embeddable":true,"href":"https:\/\/mickyandoniehn.com\/radio\/wp-json\/wp\/v2\/categories?post=78120"},{"taxonomy":"post_tag","embeddable":true,"href":"https:\/\/mickyandoniehn.com\/radio\/wp-json\/wp\/v2\/tags?post=78120"}],"curies":[{"name":"wp","href":"https:\/\/api.w.org\/{rel}","templated":true}]}}