{"id":78118,"date":"2024-08-27T01:38:03","date_gmt":"2024-08-27T07:38:03","guid":{"rendered":"http:\/\/mickyandoniehn.com\/radio\/2024\/08\/27\/amando-y-protegiendo-nuestra-cultura-poder-legislativo-instala-el-congreso-infantil-2024\/"},"modified":"2024-08-27T01:38:03","modified_gmt":"2024-08-27T07:38:03","slug":"amando-y-protegiendo-nuestra-cultura-poder-legislativo-instala-el-congreso-infantil-2024","status":"publish","type":"post","link":"https:\/\/mickyandoniehn.com\/radio\/2024\/08\/27\/amando-y-protegiendo-nuestra-cultura-poder-legislativo-instala-el-congreso-infantil-2024\/","title":{"rendered":"\u00a1Amando y protegiendo nuestra cultura! Poder Legislativo instala el Congreso Infantil 2024"},"content":{"rendered":"<p>\u00a0<\/p>\n<\/p>\n<p>26.08.2024<\/p>\n<p>Tegucigalpa, Honduras (25.08.2024).- El Poder Legislativo abri\u00f3 sus puertas este domingo a los 128 diputados infantiles para la instalaci\u00f3n del Congreso Nacional Infantil 2024, que se lleva a cabo bajo el lema<br \/>\n\u00abAmando y protegiendo nuestra cultura\u00bb.<br \/>\nEl evento se desarroll\u00f3 en un ambiente de positivismo y alegr\u00eda en las instalaciones del<br \/>\nHemiciclo Legislativo.<br \/>\nMarisela Bonilla, directora de Agenda Social, destac\u00f3 la importancia del congreso, se\u00f1alando que los ni\u00f1os tendr\u00e1n una experiencia legislativa aut\u00e9ntica.<\/p>\n<p>Los j\u00f3venes congresistas fueron recibidos por autoridades de la Agenda Social de la<br \/>\nPresidencia del Congreso Nacional y un equipo de apoyo, que desde temprano se prepar\u00f3 para ofrecer a los menores una de las mejores experiencias de sus vidas.<\/p>\n<p>Fuente: Canal 8<\/p>\n","protected":false},"excerpt":{"rendered":"<p>\u00a0 26.08.2024 Tegucigalpa, Honduras (25.08.2024).- El Poder Legislativo abri\u00f3 sus puertas este domingo a los 128 diputados infantiles para la instalaci\u00f3n del Congreso Nacional Infantil 2024, que se lleva a cabo bajo el lema \u00abAmando y protegiendo nuestra cultura\u00bb. El evento se desarroll\u00f3 en un ambiente de positivismo y alegr\u00eda en las instalaciones del Hemiciclo &hellip;<\/p>\n","protected":false},"author":0,"featured_media":78119,"comment_status":"open","ping_status":"open","sticky":false,"template":"","format":"standard","meta":{"_jetpack_memberships_contains_paid_content":false,"footnotes":""},"categories":[5],"tags":[],"class_list":["post-78118","post","type-post","status-publish","format-standard","has-post-thumbnail","","category-noticias"],"jetpack_sharing_enabled":true,"jetpack_featured_media_url":"https:\/\/mickyandoniehn.com\/radio\/wp-content\/uploads\/2024\/08\/Captura-2-NRPYta.png","_links":{"self":[{"href":"https:\/\/mickyandoniehn.com\/radio\/wp-json\/wp\/v2\/posts\/78118","targetHints":{"allow":["GET"]}}],"collection":[{"href":"https:\/\/mickyandoniehn.com\/radio\/wp-json\/wp\/v2\/posts"}],"about":[{"href":"https:\/\/mickyandoniehn.com\/radio\/wp-json\/wp\/v2\/types\/post"}],"replies":[{"embeddable":true,"href":"https:\/\/mickyandoniehn.com\/radio\/wp-json\/wp\/v2\/comments?post=78118"}],"version-history":[{"count":0,"href":"https:\/\/mickyandoniehn.com\/radio\/wp-json\/wp\/v2\/posts\/78118\/revisions"}],"wp:featuredmedia":[{"embeddable":true,"href":"https:\/\/mickyandoniehn.com\/radio\/wp-json\/wp\/v2\/media\/78119"}],"wp:attachment":[{"href":"https:\/\/mickyandoniehn.com\/radio\/wp-json\/wp\/v2\/media?parent=78118"}],"wp:term":[{"taxonomy":"category","embeddable":true,"href":"https:\/\/mickyandoniehn.com\/radio\/wp-json\/wp\/v2\/categories?post=78118"},{"taxonomy":"post_tag","embeddable":true,"href":"https:\/\/mickyandoniehn.com\/radio\/wp-json\/wp\/v2\/tags?post=78118"}],"curies":[{"name":"wp","href":"https:\/\/api.w.org\/{rel}","templated":true}]}}