{"id":78112,"date":"2024-08-27T01:37:54","date_gmt":"2024-08-27T07:37:54","guid":{"rendered":"http:\/\/mickyandoniehn.com\/radio\/2024\/08\/27\/honduras-confirma-que-recibira-en-septiembre-primer-lote-de-vacunas-contra-el-dengue\/"},"modified":"2024-08-27T01:37:54","modified_gmt":"2024-08-27T07:37:54","slug":"honduras-confirma-que-recibira-en-septiembre-primer-lote-de-vacunas-contra-el-dengue","status":"publish","type":"post","link":"https:\/\/mickyandoniehn.com\/radio\/2024\/08\/27\/honduras-confirma-que-recibira-en-septiembre-primer-lote-de-vacunas-contra-el-dengue\/","title":{"rendered":"Honduras confirma que recibir\u00e1 en septiembre primer lote de vacunas contra el dengue"},"content":{"rendered":"<\/p>\n<p>26.08.2024<\/p>\n<p><strong>Tegucigalpa<\/strong>\u00a0\u2013 A finales de septiembre Honduras recibir\u00e1 el primer lote de vacunas contra el dengue, confirm\u00f3 este lunes el subsecretario de Salud, Brian Erazo.<\/p>\n<p>El funcionario notific\u00f3 que la Organizaci\u00f3n Panamericana de la Salud (OPS), ya confirm\u00f3 al gobierno hondure\u00f1o sobre la llegada de este primer lote de vacunas.<\/p>\n<p>Detall\u00f3 que se trata de un lote de 53 mil vacunas, lo que permitir\u00e1 vacunar a unas 26 mil personas ya que se trata de una dosis doble.<\/p>\n<p>Sin embargo, este es solo un paliativo en la lucha contra el dengue, por lo que no debemos bajar la guardia y continuar con todas las acciones preventivas, enfatiz\u00f3.<\/p>\n<p>En ese orden, anunci\u00f3 que la vacunaci\u00f3n contra el dengue iniciar\u00e1 en la primera semana de octubre.<\/p>\n<p>Los lugares con mayor incidencia de dengue en las principales ciudades del pa\u00eds ser\u00e1n considerados para recibir el medicamento de este primer lote, expuso.<\/p>\n<p>Actualmente Honduras acumula m\u00e1s de 110 mil casos positivos de dengue y 137 decesos a causa del virus.<\/p>\n<p>Fuente:Proceso Digital<\/p>\n","protected":false},"excerpt":{"rendered":"<p>26.08.2024 Tegucigalpa\u00a0\u2013 A finales de septiembre Honduras recibir\u00e1 el primer lote de vacunas contra el dengue, confirm\u00f3 este lunes el subsecretario de Salud, Brian Erazo. El funcionario notific\u00f3 que la Organizaci\u00f3n Panamericana de la Salud (OPS), ya confirm\u00f3 al gobierno hondure\u00f1o sobre la llegada de este primer lote de vacunas. Detall\u00f3 que se trata de &hellip;<\/p>\n","protected":false},"author":0,"featured_media":78113,"comment_status":"open","ping_status":"open","sticky":false,"template":"","format":"standard","meta":{"_jetpack_memberships_contains_paid_content":false,"footnotes":""},"categories":[5],"tags":[],"class_list":["post-78112","post","type-post","status-publish","format-standard","has-post-thumbnail","","category-noticias"],"jetpack_sharing_enabled":true,"jetpack_featured_media_url":"https:\/\/mickyandoniehn.com\/radio\/wp-content\/uploads\/2024\/08\/Captura-1-Ol68oS.png","_links":{"self":[{"href":"https:\/\/mickyandoniehn.com\/radio\/wp-json\/wp\/v2\/posts\/78112","targetHints":{"allow":["GET"]}}],"collection":[{"href":"https:\/\/mickyandoniehn.com\/radio\/wp-json\/wp\/v2\/posts"}],"about":[{"href":"https:\/\/mickyandoniehn.com\/radio\/wp-json\/wp\/v2\/types\/post"}],"replies":[{"embeddable":true,"href":"https:\/\/mickyandoniehn.com\/radio\/wp-json\/wp\/v2\/comments?post=78112"}],"version-history":[{"count":0,"href":"https:\/\/mickyandoniehn.com\/radio\/wp-json\/wp\/v2\/posts\/78112\/revisions"}],"wp:featuredmedia":[{"embeddable":true,"href":"https:\/\/mickyandoniehn.com\/radio\/wp-json\/wp\/v2\/media\/78113"}],"wp:attachment":[{"href":"https:\/\/mickyandoniehn.com\/radio\/wp-json\/wp\/v2\/media?parent=78112"}],"wp:term":[{"taxonomy":"category","embeddable":true,"href":"https:\/\/mickyandoniehn.com\/radio\/wp-json\/wp\/v2\/categories?post=78112"},{"taxonomy":"post_tag","embeddable":true,"href":"https:\/\/mickyandoniehn.com\/radio\/wp-json\/wp\/v2\/tags?post=78112"}],"curies":[{"name":"wp","href":"https:\/\/api.w.org\/{rel}","templated":true}]}}