{"id":78104,"date":"2024-08-27T01:37:45","date_gmt":"2024-08-27T07:37:45","guid":{"rendered":"http:\/\/mickyandoniehn.com\/radio\/2024\/08\/27\/economista-alerta-sobre-el-creciente-endeudamiento-en-honduras-y-la-falta-de-empleo-formal\/"},"modified":"2024-08-27T01:37:45","modified_gmt":"2024-08-27T07:37:45","slug":"economista-alerta-sobre-el-creciente-endeudamiento-en-honduras-y-la-falta-de-empleo-formal","status":"publish","type":"post","link":"https:\/\/mickyandoniehn.com\/radio\/2024\/08\/27\/economista-alerta-sobre-el-creciente-endeudamiento-en-honduras-y-la-falta-de-empleo-formal\/","title":{"rendered":"Economista alerta sobre el creciente endeudamiento en Honduras y la falta de empleo formal"},"content":{"rendered":"<\/p>\n<p>26.08.2024<\/p>\n<p>El economista Ismael Zepeda expres\u00f3 a HRN su preocupaci\u00f3n por la actual situaci\u00f3n del endeudamiento en Honduras, se\u00f1alando tanto el aumento de la\u00a0<strong>deuda interna<\/strong>\u00a0como de la<strong>\u00a0deuda p\u00fablica\u00a0<\/strong>total a nivel global.<\/p>\n<p>En ese sentido, subray\u00f3 que, aunque el endeudamiento interno a menudo se logra con tasas de inter\u00e9s m\u00e1s bajas y manejables, la situaci\u00f3n general sigue siendo alarmante.<\/p>\n<h2>Crecimiento de la deuda p\u00fablica<\/h2>\n<p>Zepeda destac\u00f3 que la\u00a0<a href=\"https:\/\/www.radiohrn.hn\/deuda-externa-publica-de-honduras-baja-entre-enero-y-febrero-2024-04-13\"><strong>deuda p\u00fablica total de Honduras<\/strong>\u00a0<\/a>ha superado los\u00a0<strong>16 mil millones de d\u00f3lares<\/strong>, un crecimiento que ha generado preocupaci\u00f3n entre analistas y expertos financieros.<\/p>\n<p>\u00abEl endeudamiento p\u00fablico ha seguido creciendo por encima de los\u00a0<strong>16 mil millones de d\u00f3lares a nivel global<\/strong>\u00ab, explic\u00f3 Zepeda, haciendo hincapi\u00e9 en la magnitud del problema.<\/p>\n<p>La<strong>\u00a0deuda externa p\u00fablica hondure\u00f1a\u00a0<\/strong>ascendi\u00f3 a\u00a0<strong>9,353.9 millones de d\u00f3lares<\/strong>\u00a0al primer bimestre de 2024, menor en 2.7% con respecto al mismo per\u00edodo de 2023, seg\u00fan el Banco Central de Honduras (BCH).<\/p>\n<p>La necesidad de formalizar el empleo<\/p>\n<p>Uno de los puntos m\u00e1s relevantes de su an\u00e1lisis\u00a0<strong>fue la urgencia de sacar de la informalidad a un sector significativo de la poblaci\u00f3n hondure\u00f1a<\/strong>.<\/p>\n<p>\u00abHonduras lo que necesita es sacar de la informalidad a los casi\u00a0<strong>dos millones de hondure\u00f1os<\/strong>. Lo que necesitamos es trabajo que puedan tener todos sus derechos\u00bb, afirm\u00f3 Zepeda, haciendo un llamado<strong>\u00a0<a href=\"https:\/\/www.radiohrn.hn\/jovenes-que-se-graduan-en-honduras-no-encuentran-empleo-cohep-2024-08-17\">a generar empleos formales\u00a0<\/a>que aseguren beneficios laborales completos<\/strong>.<\/p>\n<p>\u00abEl Producto Interno Bruto, supuestamente, entre comillas, va creciendo\u00bb, coment\u00f3 Zepeda, insinuando que el aumento del PIB no est\u00e1 teniendo el impacto esperado en la econom\u00eda nacional ni en la calidad de vida de los ciudadanos.<\/p>\n<h3>Un ciclo repetitivo<\/h3>\n<p>Finalmente, el economista concluy\u00f3 sus declaraciones con una advertencia sobre la repetici\u00f3n de patrones en la econom\u00eda hondure\u00f1a.<\/p>\n<p>\u00abContinuamos m\u00e1s de lo mismo, endeudando al pa\u00eds\u00bb. Zepeda se\u00f1al\u00f3 que si no se toman medidas para reducir la dependencia del endeudamiento y aumentar la creaci\u00f3n de empleos formales, la situaci\u00f3n econ\u00f3mica del pa\u00eds podr\u00eda empeorar en los pr\u00f3ximos a\u00f1os.<\/p>\n<p>Fuente:HRN<\/p>\n","protected":false},"excerpt":{"rendered":"<p>26.08.2024 El economista Ismael Zepeda expres\u00f3 a HRN su preocupaci\u00f3n por la actual situaci\u00f3n del endeudamiento en Honduras, se\u00f1alando tanto el aumento de la\u00a0deuda interna\u00a0como de la\u00a0deuda p\u00fablica\u00a0total a nivel global. En ese sentido, subray\u00f3 que, aunque el endeudamiento interno a menudo se logra con tasas de inter\u00e9s m\u00e1s bajas y manejables, la situaci\u00f3n general &hellip;<\/p>\n","protected":false},"author":0,"featured_media":78105,"comment_status":"open","ping_status":"open","sticky":false,"template":"","format":"standard","meta":{"_jetpack_memberships_contains_paid_content":false,"footnotes":""},"categories":[5],"tags":[],"class_list":["post-78104","post","type-post","status-publish","format-standard","has-post-thumbnail","","category-noticias"],"jetpack_sharing_enabled":true,"jetpack_featured_media_url":"https:\/\/mickyandoniehn.com\/radio\/wp-content\/uploads\/2024\/08\/principal_economista_advierte_desempleo_honduras-lpfEiO.jpeg","_links":{"self":[{"href":"https:\/\/mickyandoniehn.com\/radio\/wp-json\/wp\/v2\/posts\/78104","targetHints":{"allow":["GET"]}}],"collection":[{"href":"https:\/\/mickyandoniehn.com\/radio\/wp-json\/wp\/v2\/posts"}],"about":[{"href":"https:\/\/mickyandoniehn.com\/radio\/wp-json\/wp\/v2\/types\/post"}],"replies":[{"embeddable":true,"href":"https:\/\/mickyandoniehn.com\/radio\/wp-json\/wp\/v2\/comments?post=78104"}],"version-history":[{"count":0,"href":"https:\/\/mickyandoniehn.com\/radio\/wp-json\/wp\/v2\/posts\/78104\/revisions"}],"wp:featuredmedia":[{"embeddable":true,"href":"https:\/\/mickyandoniehn.com\/radio\/wp-json\/wp\/v2\/media\/78105"}],"wp:attachment":[{"href":"https:\/\/mickyandoniehn.com\/radio\/wp-json\/wp\/v2\/media?parent=78104"}],"wp:term":[{"taxonomy":"category","embeddable":true,"href":"https:\/\/mickyandoniehn.com\/radio\/wp-json\/wp\/v2\/categories?post=78104"},{"taxonomy":"post_tag","embeddable":true,"href":"https:\/\/mickyandoniehn.com\/radio\/wp-json\/wp\/v2\/tags?post=78104"}],"curies":[{"name":"wp","href":"https:\/\/api.w.org\/{rel}","templated":true}]}}