{"id":78098,"date":"2024-08-27T01:37:40","date_gmt":"2024-08-27T07:37:40","guid":{"rendered":"http:\/\/mickyandoniehn.com\/radio\/2024\/08\/27\/los-iphone-16-estan-ansiosos-por-llegar-al-mercado-apple-confirma-que-el-apple-event-sera-el-9-de-septiembre\/"},"modified":"2024-08-27T01:37:40","modified_gmt":"2024-08-27T07:37:40","slug":"los-iphone-16-estan-ansiosos-por-llegar-al-mercado-apple-confirma-que-el-apple-event-sera-el-9-de-septiembre","status":"publish","type":"post","link":"https:\/\/mickyandoniehn.com\/radio\/2024\/08\/27\/los-iphone-16-estan-ansiosos-por-llegar-al-mercado-apple-confirma-que-el-apple-event-sera-el-9-de-septiembre\/","title":{"rendered":"Los iPhone 16 est\u00e1n ansiosos por llegar al mercado. Apple confirma que el Apple Event ser\u00e1 el 9 de septiembre"},"content":{"rendered":"<\/p>\n<p>Los rumores y las c\u00e1balas apuntaban a que el evento de presentaci\u00f3n de la\u00a0<a href=\"https:\/\/www.xataka.com\/nuevo\/nuevo-iphone-16-informacion\">nueva generaci\u00f3n de iPhone 16<\/a> ser\u00eda el 10 de septiembre. Todo apuntaba a ese d\u00eda porque, hist\u00f3ricamente, Apple siempre hab\u00eda presentado sus iPhone el segundo martes de septiembre.<\/p>\n<p>Sin embargo, Apple se ha desmarcado de las tradiciones, haciendo oficial las invitaciones para el pr\u00f3ximo Apple Event, fijando la fecha un d\u00eda antes de lo previsto: ser\u00e1 el lunes 9 de septiembre a las 19:00 (hora peninsular de Espa\u00f1a) y tendr\u00e1 lugar en el habitual escenario del Teatro Steve Jobs, en el campus de Apple.<\/p>\n<p>A lo que Apple no ha renunciado es a a\u00f1adir un tema a la presentaci\u00f3n de los nuevos m\u00f3viles de la compa\u00f1\u00eda. Para la invitaci\u00f3n de 2024 ha elegido \u00abIt\u2019s Glowtime\u00bb que podr\u00eda traducirse como \u00abEs hora de brillar\u00bb, en el que el logotipo de Apple se contagia del\u00a0<a href=\"https:\/\/www.xataka.com\/robotica-e-ia\/apple-intelligence-asi-ambiciosa-apuesta-apple-integrar-al-fin-ia-todo-su-ecosistema\">aura de Apple Intelligence<\/a>.<\/p>\n<h2>No solo iPhone 16, tambi\u00e9n se esperan accesorios<\/h2>\n<p>La presentaci\u00f3n de la nueva generaci\u00f3n de m\u00f3viles es, sin duda, el evento estrella del calendario de los fans de la marca de Cupertino. Pese a que los rumores apuntan a que este a\u00f1o no se prev\u00e9n\u00a0<a href=\"https:\/\/www.xataka.com\/moviles\/iphone-15-pro-aperitivo-plato-fuerte-llegara-2024-gurman\">pocos cambios en cuanto a tama\u00f1os y modelos<\/a>, y su mejora vendr\u00e1\u00a0<a href=\"https:\/\/www.xataka.com\/moviles\/tres-anos-despues-todos-iphone-volveran-a-tener-procesador-conviene-contener-entusiasmo\">a nivel de hardware<\/a>\u00a0y con\u00a0<a href=\"https:\/\/www.xataka.com\/moviles\/tres-anos-despues-todos-iphone-volveran-a-tener-procesador-conviene-contener-entusiasmo\">mejor integraci\u00f3n de la IA en fotograf\u00eda<\/a> y uso del dispositivo.<\/p>\n<p>Lo que es m\u00e1s que probable que se presente, es una nueva generaci\u00f3n de\u00a0<a href=\"https:\/\/www.xataka.com\/seleccion\/mejores-apple-watch-recomendaciones-para-saber-cual-comprar-funcion-uso-presupuesto\">Apple Watch Series<\/a>\u00a0que alcanza ya su d\u00e9cima versi\u00f3n, as\u00ed como una nueva iteraci\u00f3n de su smartwatch estrella, con el Apple Watch Ultra 3.<\/p>\n<p>Apple tampoco perder\u00e1 la ocasi\u00f3n de \u201chacer brillar\u201d a sus auriculares, con la m\u00e1s que probable presentaci\u00f3n de los\u00a0<a href=\"https:\/\/www.xataka.com\/audio\/dos-nuevos-modelos-airpods-estan-camino-llegaran-otono-para-reemplazar-a-2a-3a-generacion\">nuevos AirPods 4<\/a>. En cualquier caso, ya podemos marcar en rojo el\u00a0<strong>lunes 9 de septiembre a las 19:00 horas<\/strong>\u00a0para darle la bienvenida a la nueva generaci\u00f3n de iPhone 16.<\/p>\n","protected":false},"excerpt":{"rendered":"<p>Los rumores y las c\u00e1balas apuntaban a que el evento de presentaci\u00f3n de la\u00a0nueva generaci\u00f3n de iPhone 16 ser\u00eda el 10 de septiembre. Todo apuntaba a ese d\u00eda porque, hist\u00f3ricamente, Apple siempre hab\u00eda presentado sus iPhone el segundo martes de septiembre. Sin embargo, Apple se ha desmarcado de las tradiciones, haciendo oficial las invitaciones para &hellip;<\/p>\n","protected":false},"author":0,"featured_media":78099,"comment_status":"open","ping_status":"open","sticky":false,"template":"","format":"standard","meta":{"_jetpack_memberships_contains_paid_content":false,"footnotes":""},"categories":[5],"tags":[],"class_list":["post-78098","post","type-post","status-publish","format-standard","has-post-thumbnail","","category-noticias"],"jetpack_sharing_enabled":true,"jetpack_featured_media_url":"https:\/\/mickyandoniehn.com\/radio\/wp-content\/uploads\/2024\/08\/500_333-rBV34R.jpeg","_links":{"self":[{"href":"https:\/\/mickyandoniehn.com\/radio\/wp-json\/wp\/v2\/posts\/78098","targetHints":{"allow":["GET"]}}],"collection":[{"href":"https:\/\/mickyandoniehn.com\/radio\/wp-json\/wp\/v2\/posts"}],"about":[{"href":"https:\/\/mickyandoniehn.com\/radio\/wp-json\/wp\/v2\/types\/post"}],"replies":[{"embeddable":true,"href":"https:\/\/mickyandoniehn.com\/radio\/wp-json\/wp\/v2\/comments?post=78098"}],"version-history":[{"count":0,"href":"https:\/\/mickyandoniehn.com\/radio\/wp-json\/wp\/v2\/posts\/78098\/revisions"}],"wp:featuredmedia":[{"embeddable":true,"href":"https:\/\/mickyandoniehn.com\/radio\/wp-json\/wp\/v2\/media\/78099"}],"wp:attachment":[{"href":"https:\/\/mickyandoniehn.com\/radio\/wp-json\/wp\/v2\/media?parent=78098"}],"wp:term":[{"taxonomy":"category","embeddable":true,"href":"https:\/\/mickyandoniehn.com\/radio\/wp-json\/wp\/v2\/categories?post=78098"},{"taxonomy":"post_tag","embeddable":true,"href":"https:\/\/mickyandoniehn.com\/radio\/wp-json\/wp\/v2\/tags?post=78098"}],"curies":[{"name":"wp","href":"https:\/\/api.w.org\/{rel}","templated":true}]}}