{"id":78088,"date":"2024-08-26T08:12:35","date_gmt":"2024-08-26T14:12:35","guid":{"rendered":"http:\/\/mickyandoniehn.com\/radio\/2024\/08\/26\/casos-de-dengue-en-honduras-seguiran-en-alza-advierte-epidemiologo\/"},"modified":"2024-08-26T08:12:35","modified_gmt":"2024-08-26T14:12:35","slug":"casos-de-dengue-en-honduras-seguiran-en-alza-advierte-epidemiologo","status":"publish","type":"post","link":"https:\/\/mickyandoniehn.com\/radio\/2024\/08\/26\/casos-de-dengue-en-honduras-seguiran-en-alza-advierte-epidemiologo\/","title":{"rendered":"Casos de dengue en Honduras seguir\u00e1n en alza, advierte epidemi\u00f3logo"},"content":{"rendered":"<\/p>\n<p>26.08.2024<\/p>\n<p>El\u00a0epidemi\u00f3logo\u00a0e\u00a0infect\u00f3logo hondure\u00f1o, doctor\u00a0<strong>Tito Alvarado<\/strong>, advirti\u00f3 este domingo al noticiero\u00a0<em>Hoy Mismo<\/em>, de\u00a0<em>TSi<\/em>, que los\u00a0<strong>casos de dengue en Honduras\u00a0<\/strong>se mantendr\u00e1n en alza en el \u00abatroz episodio\u00bb de esta enfermedad que se ha mantenido, adem\u00e1s, en otros pa\u00edses de Am\u00e9rica Latina.<\/p>\n<p>\u00abLa \u2018epi curva\u2019 (representaci\u00f3n gr\u00e1fica del n\u00famero de casos epid\u00e9micos) sigue\u00bb, precis\u00f3 el doctor, quien adem\u00e1s explic\u00f3 que dicha tendencia se debe -en parte- a la presencia de una cepa del dengue que es m\u00e1s virulenta.<\/p>\n<p>\u00abHab\u00eda disminuido en Tegucigalpa un poquito, pero en la costa norte la situaci\u00f3n est\u00e1 peor. Desgraciadamente ha entrado esa cepa 3, una subcepa que es muy virulenta, que la transmite mucho y que la mortalidad es m\u00e1s elevada\u00bb, explic\u00f3 Alvarado.<\/p>\n<p>Por lo anterior, el epidemi\u00f3logo destac\u00f3 la realizaci\u00f3n del \u2018<strong>D\u00eda D<\/strong>\u2018, una iniciativa del Gobierno que fue decretada por la titular de la Secretar\u00eda de Salud (Sesal), Carla Paredes, para fomentar la concientizaci\u00f3n sobre el\u00a0<strong>dengue<\/strong>.<\/p>\n<p>\u00abMe pareci\u00f3 muy correcto que la ministra de Salud haya decretado el D\u00eda D. Es una necesidad que se hiciera eso para concientizar a la gente de que tiene que combatir el mosquito\u00bb, opin\u00f3 el infect\u00f3logo.<\/p>\n<h2>Nadie debe morir por dengue<\/h2>\n<p>Tito Alvarado manifest\u00f3 que \u00abno debe morir nadie por dengue si las condiciones de atenci\u00f3n m\u00e9dica son oportunas\u00bb.<\/p>\n<p>Para ello, los pacientes tienen que acudir al m\u00e9dico desde el primer d\u00eda en el que se sientan los s\u00edntomas, los cuales pueden ser fiebre alta, dolor de cabeza -as\u00ed como en otras partes del cuerpo-, n\u00e1useas, entre otros.<\/p>\n<p>\u00abEs el primer d\u00eda de fiebre que hay que llevarlo (al infectado a un centro asistencial), no esperar ni automedicarse\u00bb, precis\u00f3 el doctor.<\/p>\n<h3>Dengue en Honduras<\/h3>\n<p>Hasta la semana epidemiol\u00f3gica n\u00famero 33, en Honduras se han registrado m\u00e1s de 100 mil casos dengue que han causado 137 muertes.<\/p>\n<p>Para combatir la enfermedad, las autoridades de Salud decretaron el viernes 31 de mayo\u00a0<a href=\"https:\/\/www.radiohrn.hn\/emergencia-sanitaria-dengue-honduras-sesal-confirma-alza-casos-2024-05-31\"><strong>emergencia sanitaria por dengue<\/strong><\/a>.<\/p>\n<p>Fuente: HRN<\/p>\n","protected":false},"excerpt":{"rendered":"<p>26.08.2024 El\u00a0epidemi\u00f3logo\u00a0e\u00a0infect\u00f3logo hondure\u00f1o, doctor\u00a0Tito Alvarado, advirti\u00f3 este domingo al noticiero\u00a0Hoy Mismo, de\u00a0TSi, que los\u00a0casos de dengue en Honduras\u00a0se mantendr\u00e1n en alza en el \u00abatroz episodio\u00bb de esta enfermedad que se ha mantenido, adem\u00e1s, en otros pa\u00edses de Am\u00e9rica Latina. \u00abLa \u2018epi curva\u2019 (representaci\u00f3n gr\u00e1fica del n\u00famero de casos epid\u00e9micos) sigue\u00bb, precis\u00f3 el doctor, quien adem\u00e1s &hellip;<\/p>\n","protected":false},"author":0,"featured_media":78089,"comment_status":"open","ping_status":"open","sticky":false,"template":"","format":"standard","meta":{"_jetpack_memberships_contains_paid_content":false,"footnotes":""},"categories":[5],"tags":[],"class_list":["post-78088","post","type-post","status-publish","format-standard","has-post-thumbnail","","category-noticias"],"jetpack_sharing_enabled":true,"jetpack_featured_media_url":"https:\/\/mickyandoniehn.com\/radio\/wp-content\/uploads\/2024\/08\/principal_dengue_en_honduras_en_alza_infectologo-fmc76c.jpeg","_links":{"self":[{"href":"https:\/\/mickyandoniehn.com\/radio\/wp-json\/wp\/v2\/posts\/78088","targetHints":{"allow":["GET"]}}],"collection":[{"href":"https:\/\/mickyandoniehn.com\/radio\/wp-json\/wp\/v2\/posts"}],"about":[{"href":"https:\/\/mickyandoniehn.com\/radio\/wp-json\/wp\/v2\/types\/post"}],"replies":[{"embeddable":true,"href":"https:\/\/mickyandoniehn.com\/radio\/wp-json\/wp\/v2\/comments?post=78088"}],"version-history":[{"count":0,"href":"https:\/\/mickyandoniehn.com\/radio\/wp-json\/wp\/v2\/posts\/78088\/revisions"}],"wp:featuredmedia":[{"embeddable":true,"href":"https:\/\/mickyandoniehn.com\/radio\/wp-json\/wp\/v2\/media\/78089"}],"wp:attachment":[{"href":"https:\/\/mickyandoniehn.com\/radio\/wp-json\/wp\/v2\/media?parent=78088"}],"wp:term":[{"taxonomy":"category","embeddable":true,"href":"https:\/\/mickyandoniehn.com\/radio\/wp-json\/wp\/v2\/categories?post=78088"},{"taxonomy":"post_tag","embeddable":true,"href":"https:\/\/mickyandoniehn.com\/radio\/wp-json\/wp\/v2\/tags?post=78088"}],"curies":[{"name":"wp","href":"https:\/\/api.w.org\/{rel}","templated":true}]}}