{"id":78050,"date":"2024-08-25T09:12:35","date_gmt":"2024-08-25T15:12:35","guid":{"rendered":"http:\/\/mickyandoniehn.com\/radio\/2024\/08\/25\/motoristas-de-carga-pesada-advierten-paro-a-nivel-nacional-por-problemas-en-la-opc\/"},"modified":"2024-08-25T09:12:35","modified_gmt":"2024-08-25T15:12:35","slug":"motoristas-de-carga-pesada-advierten-paro-a-nivel-nacional-por-problemas-en-la-opc","status":"publish","type":"post","link":"https:\/\/mickyandoniehn.com\/radio\/2024\/08\/25\/motoristas-de-carga-pesada-advierten-paro-a-nivel-nacional-por-problemas-en-la-opc\/","title":{"rendered":"Motoristas de carga pesada advierten paro a nivel nacional por problemas en la OPC"},"content":{"rendered":"<p class=\"is-size-5 is-size-6-mobile is-italic sub-parrafo\">\u00abDelo por hecho que cuando menos (esperen) vamos a amanecer parados a nivel nacional\u00bb, advirti\u00f3 Pablo Ruiz en caso de que a los motoristas no se les resuelva la problem\u00e1tica.<\/p>\n<div class=\"buttons are-small is-mb-3 is-mt-3\">\n<\/div>\n<div><strong>25.08.24<\/strong><\/div>\n<div>\n<p>El presidente de la Asociaci\u00f3n Nacional de Transporte Unitario de Honduras (Asotraunh),\u00a0<strong>Pablo Ruiz<\/strong>, manifest\u00f3 este s\u00e1bado a\u00a0<em>TN5 Matutino<\/em>, de\u00a0<em>Canal 5<\/em>, que los\u00a0<strong>motoristas de carga pesada se ir\u00e1n a paro nacional\u00a0<\/strong>si no se resuelve el problema del retraso para realizar tr\u00e1mites en la Operadora Portuaria Centroamericana (OPC).<\/p>\n<p>Seg\u00fan explic\u00f3 el motorista, la Administraci\u00f3n Aduanera de Honduras comenz\u00f3 a implementar nuevas medidas de control en las aduanas y puertos a nivel nacional, lo que ha causado -en el caso de la OPC- que haya tardanza para realizar tr\u00e1mites.<\/p>\n<p>\u00abHemos pasado de dos horas, que era un tr\u00e1mite para hacer un movimiento de un veh\u00edculo, a seis, siete hasta ocho horas para que un transporte pueda hacer un movimiento\u00bb, explic\u00f3 Ruiz.<\/p>\n<\/p>\n<p class=\"is-size-5 paragraph\">\n<p>De acuerdo al presidente de Asotraunh, lo anterior se debe a que la OPC no tiene ni el equipo ni el personal suficiente, lo que ha causado dichas tardanzas.<\/p>\n<p>\u00abTen\u00edan m\u00e1s de 16 equipo para hacer el trasborde de contenedores y (ahora) solo est\u00e1n operando seis. Tienen escaso personal y todo esto se ha reportado a Aduanas, manifest\u00f3\u00bb.<\/p>\n<p>Es as\u00ed que los motoristas adelantan que podr\u00eda haber un paro a nivel nacional debido a que \u00abya las quejas se hicieron ver al Gobierno y la operadora portuaria ha hecho caso omiso a todas las peticiones que se han hecho por parte de los transportistas\u00bb.<\/p>\n<h2>\u00bfCu\u00e1ndo ser\u00e1 el paro de transporte?<\/h2>\n<p>Pablo Ruiz no dio a conocer la fecha en la que realizar\u00edan el paro a nivel nacional debido a las represalias que toman las autoridades cuando estas se anuncian previamente.<\/p>\n<p>No obstante, el motorista adelant\u00f3 que, en caso de que en la pr\u00f3xima semana la situaci\u00f3n no se resuelva y que el Gobierno no intervenga en el tema de OPC, \u00abdelo por hecho que cuando menos (esperen) vamos a amanecer parados a nivel nacional\u00bb, precis\u00f3.<\/p>\n<p>Y es que, seg\u00fan lament\u00f3 el hombre, \u00ablos motoristas, que al final son los que hacen la labor, est\u00e1n sufriendo exageradamente atropellos por parte de OPC y los diferentes registros aduaneros\u00bb.<\/p>\n<p>Fuente: HRN<\/p>\n<\/div>\n","protected":false},"excerpt":{"rendered":"<p>\u00abDelo por hecho que cuando menos (esperen) vamos a amanecer parados a nivel nacional\u00bb, advirti\u00f3 Pablo Ruiz en caso de que a los motoristas no se les resuelva la problem\u00e1tica. 25.08.24 El presidente de la Asociaci\u00f3n Nacional de Transporte Unitario de Honduras (Asotraunh),\u00a0Pablo Ruiz, manifest\u00f3 este s\u00e1bado a\u00a0TN5 Matutino, de\u00a0Canal 5, que los\u00a0motoristas de carga &hellip;<\/p>\n","protected":false},"author":0,"featured_media":78051,"comment_status":"open","ping_status":"open","sticky":false,"template":"","format":"standard","meta":{"_jetpack_memberships_contains_paid_content":false,"footnotes":""},"categories":[5],"tags":[],"class_list":["post-78050","post","type-post","status-publish","format-standard","has-post-thumbnail","","category-noticias"],"jetpack_sharing_enabled":true,"jetpack_featured_media_url":"https:\/\/mickyandoniehn.com\/radio\/wp-content\/uploads\/2024\/08\/principal_transportistas_paro_nacional_opc-PvroDu.jpeg","_links":{"self":[{"href":"https:\/\/mickyandoniehn.com\/radio\/wp-json\/wp\/v2\/posts\/78050","targetHints":{"allow":["GET"]}}],"collection":[{"href":"https:\/\/mickyandoniehn.com\/radio\/wp-json\/wp\/v2\/posts"}],"about":[{"href":"https:\/\/mickyandoniehn.com\/radio\/wp-json\/wp\/v2\/types\/post"}],"replies":[{"embeddable":true,"href":"https:\/\/mickyandoniehn.com\/radio\/wp-json\/wp\/v2\/comments?post=78050"}],"version-history":[{"count":0,"href":"https:\/\/mickyandoniehn.com\/radio\/wp-json\/wp\/v2\/posts\/78050\/revisions"}],"wp:featuredmedia":[{"embeddable":true,"href":"https:\/\/mickyandoniehn.com\/radio\/wp-json\/wp\/v2\/media\/78051"}],"wp:attachment":[{"href":"https:\/\/mickyandoniehn.com\/radio\/wp-json\/wp\/v2\/media?parent=78050"}],"wp:term":[{"taxonomy":"category","embeddable":true,"href":"https:\/\/mickyandoniehn.com\/radio\/wp-json\/wp\/v2\/categories?post=78050"},{"taxonomy":"post_tag","embeddable":true,"href":"https:\/\/mickyandoniehn.com\/radio\/wp-json\/wp\/v2\/tags?post=78050"}],"curies":[{"name":"wp","href":"https:\/\/api.w.org\/{rel}","templated":true}]}}