{"id":78048,"date":"2024-08-25T08:13:00","date_gmt":"2024-08-25T14:13:00","guid":{"rendered":"http:\/\/mickyandoniehn.com\/radio\/2024\/08\/25\/lluvias-debiles-con-actividad-electrica-se-registraran-este-domingo-en-el-pais\/"},"modified":"2024-08-25T08:13:00","modified_gmt":"2024-08-25T14:13:00","slug":"lluvias-debiles-con-actividad-electrica-se-registraran-este-domingo-en-el-pais","status":"publish","type":"post","link":"https:\/\/mickyandoniehn.com\/radio\/2024\/08\/25\/lluvias-debiles-con-actividad-electrica-se-registraran-este-domingo-en-el-pais\/","title":{"rendered":"Lluvias d\u00e9biles con actividad el\u00e9ctrica se registraran este domingo en el pa\u00eds"},"content":{"rendered":"<p class=\"sub-parrafo thridlimit mt-0 mb-2\">Centro Nacional de Estudios Atmosf\u00e9ricos, Oceanogr\u00e1ficos y S\u00edsmicos inform\u00f3 que \u00ablos mayores acumulados se esperan sobre las regiones del suroccidente y sur\u00bb.<\/p>\n<div class=\"d-flex justify-content-start\">\n<div class=\"row w-100 p-0 m-0\">\n<div class=\"mr-2\"><\/div>\n<div><strong>25.08.24<\/strong><\/div>\n<div>\n<p>La\u00a0<strong>Secretar\u00eda de Gesti\u00f3n de Riesgos y Contingencias Nacionales<\/strong>\u00a0(Copeco) inform\u00f3 que este domingo habr\u00e1<strong>\u00a0lluvias y chubascos d\u00e9biles\u00a0<\/strong>a moderados y dispersos, acompa\u00f1ado de tormentas el\u00e9ctricas en la mayor parte del pa\u00eds, producto de una vaguada en el territorio nacional.<\/p>\n<p>El pronosticador de turno del Centro Nacional de Estudios Atmosf\u00e9ricos, Oceanogr\u00e1ficos y S\u00edsmicos (Cenaos) de Copeco, Luis Fonseca, manifest\u00f3 que \u00ablos mayores acumulados se esperan sobre las regiones del suroccidente y sur\u00bb.<\/p>\n<div class=\"banner-destock-300x250\"><\/div>\n<div class=\"row\">\n<div class=\"col-md-12\">\n<div class=\"text-center 1625630037460\">\n<div class=\"justify-content-center w-100 banner720\">\n<div>\n<p>Finalmente, en el norte y la zona insular de Honduras, Cort\u00e9s con m\u00e1ximas de 32\u00b0 y m\u00ednimas de 24\u00b0, Atl\u00e1ntida m\u00e1ximas de 30\u00b0 con m\u00ednimas de 26\u00b0 Yoro m\u00e1ximas de 30\u00b0 y m\u00ednimas de 20\u00b0, Col\u00f3n con 30\u00b0 m\u00e1ximas y m\u00ednimas de 25 e Islas de la Bah\u00eda tendr\u00e1n una temperatura m\u00ednima de 27 \u00b0 y una m\u00e1xima de 31 \u00b0.<\/p>\n<p>Copeco tambi\u00e9n detall\u00f3 que el oleaje en el litoral Caribe ser\u00e1 de 1 a 3 pies y en el Golfo de Fonseca (Pac\u00edfico) ser\u00e1 de 1 a 3 pies de altura.<\/p>\n<p>Adem\u00e1s, que la puesta y salida del Sol ser\u00e1 a las 05:34 a. m. y la puesta a las 06:03 p. m. La fase lunar ser\u00e1 Luna Llena.<\/p>\n<p>Fuente: tunota<\/p>\n<\/div>\n<\/div>\n<\/div>\n<\/div>\n<\/div>\n<div class=\"fb-wrapper\"><\/div>\n<\/div>\n<\/div>\n<\/div>\n","protected":false},"excerpt":{"rendered":"<p>Centro Nacional de Estudios Atmosf\u00e9ricos, Oceanogr\u00e1ficos y S\u00edsmicos inform\u00f3 que \u00ablos mayores acumulados se esperan sobre las regiones del suroccidente y sur\u00bb. 25.08.24 La\u00a0Secretar\u00eda de Gesti\u00f3n de Riesgos y Contingencias Nacionales\u00a0(Copeco) inform\u00f3 que este domingo habr\u00e1\u00a0lluvias y chubascos d\u00e9biles\u00a0a moderados y dispersos, acompa\u00f1ado de tormentas el\u00e9ctricas en la mayor parte del pa\u00eds, producto de una &hellip;<\/p>\n","protected":false},"author":0,"featured_media":78049,"comment_status":"open","ping_status":"open","sticky":false,"template":"","format":"standard","meta":{"_jetpack_memberships_contains_paid_content":false,"footnotes":""},"categories":[5],"tags":[],"class_list":["post-78048","post","type-post","status-publish","format-standard","has-post-thumbnail","","category-noticias"],"jetpack_sharing_enabled":true,"jetpack_featured_media_url":"https:\/\/mickyandoniehn.com\/radio\/wp-content\/uploads\/2024\/08\/principal_lluvias-debiles-con-actividad-electrica-para-este-domingo-en-honduras-mE1eH8.jpeg","_links":{"self":[{"href":"https:\/\/mickyandoniehn.com\/radio\/wp-json\/wp\/v2\/posts\/78048","targetHints":{"allow":["GET"]}}],"collection":[{"href":"https:\/\/mickyandoniehn.com\/radio\/wp-json\/wp\/v2\/posts"}],"about":[{"href":"https:\/\/mickyandoniehn.com\/radio\/wp-json\/wp\/v2\/types\/post"}],"replies":[{"embeddable":true,"href":"https:\/\/mickyandoniehn.com\/radio\/wp-json\/wp\/v2\/comments?post=78048"}],"version-history":[{"count":0,"href":"https:\/\/mickyandoniehn.com\/radio\/wp-json\/wp\/v2\/posts\/78048\/revisions"}],"wp:featuredmedia":[{"embeddable":true,"href":"https:\/\/mickyandoniehn.com\/radio\/wp-json\/wp\/v2\/media\/78049"}],"wp:attachment":[{"href":"https:\/\/mickyandoniehn.com\/radio\/wp-json\/wp\/v2\/media?parent=78048"}],"wp:term":[{"taxonomy":"category","embeddable":true,"href":"https:\/\/mickyandoniehn.com\/radio\/wp-json\/wp\/v2\/categories?post=78048"},{"taxonomy":"post_tag","embeddable":true,"href":"https:\/\/mickyandoniehn.com\/radio\/wp-json\/wp\/v2\/tags?post=78048"}],"curies":[{"name":"wp","href":"https:\/\/api.w.org\/{rel}","templated":true}]}}