{"id":78046,"date":"2024-08-25T08:12:58","date_gmt":"2024-08-25T14:12:58","guid":{"rendered":"http:\/\/mickyandoniehn.com\/radio\/2024\/08\/25\/prision-preventiva-para-exjuez-marco-vallecillo-y-su-amigo-por-extorsion\/"},"modified":"2024-08-25T08:12:58","modified_gmt":"2024-08-25T14:12:58","slug":"prision-preventiva-para-exjuez-marco-vallecillo-y-su-amigo-por-extorsion","status":"publish","type":"post","link":"https:\/\/mickyandoniehn.com\/radio\/2024\/08\/25\/prision-preventiva-para-exjuez-marco-vallecillo-y-su-amigo-por-extorsion\/","title":{"rendered":"Prisi\u00f3n preventiva para exjuez Marco Vallecillo y su amigo por extorsi\u00f3n"},"content":{"rendered":"<\/p>\n<p><strong>25.08.24<\/strong><\/p>\n<p>El juez del Juzgado de Letras con Jurisdicci\u00f3n Nacional en Materia de Criminalidad Organizada, Medio Ambiente y Corrupci\u00f3n, Juan Carlos Colindres, en resoluci\u00f3n de audiencia inicial, dict\u00f3 un auto de formal procesamiento con la medida de prisi\u00f3n preventiva para Marco Antonio Vallecillo y Nelson Omar Sierra, acusados del delito de extorsi\u00f3n.<\/p>\n<p>El Ministerio P\u00fablico (MP), a trav\u00e9s de la Fiscal\u00eda Especial para el Enjuiciamiento de los Servidores del Sector Justicia (FEES-SJ), present\u00f3 acusaci\u00f3n en contra de ambos.<\/p>\n<p>Vallecillo Banegas fung\u00eda como juez y coordinador de los Juzgados con Competencia Nacional en Materia de Criminalidad Organizada, Medio Ambiente y Corrupci\u00f3n.<\/p>\n<p>En la audiencia inicial, fiscales de FEES-SJ presentaron 20 medios de prueba, entre ellos el testimonio de dos testigos protegidos, vaciados telef\u00f3nicos, pruebas documentales y periciales, adem\u00e1s de fotograf\u00edas de las actas de seguimiento y vigilancia que se le realiz\u00f3 al juez Vallecillo, previo a su aprehensi\u00f3n.<\/p>\n<p>El juez competente determin\u00f3 remitir a Vallecillo Banegas a la Direcci\u00f3n Nacional de Fuerzas Especiales, mientras a Sierra Flores al Centro Penitenciario de T\u00e1mara, en el Distrito Central. Asimismo, la audiencia preliminar qued\u00f3 fijada para el 6 de septiembre, a las 10:00 de la ma\u00f1ana.<\/p>\n<p>La investigaci\u00f3n de este caso comenz\u00f3 tras la denuncia de un testigo protegido, quien revel\u00f3 un esquema de extorsi\u00f3n en el que los imputados lo presionaban con amenazas de que la Unidad Fiscal de Especializada Contra las Redes de Corrupci\u00f3n (Uferco) le presentar\u00eda un requerimiento fiscal.<\/p>\n<div class=\"fs-dynamic\">\n<div>\n<p>Los imputados le ofrecieron al testigo la posibilidad de ser excluido del caso, incluso usaron la figura del fiscal general para que el afectado les entregara la cantidad de tres millones de lempiras.<\/p>\n<p>Ambos imputados fueron detenidos el pasado s\u00e1bado 17 de agosto, respondiendo a una orden de aprehensi\u00f3n emanada por el MP, ante un acto supuestamente de extorsi\u00f3n que estos cobraban al testigo protegido para recibir el beneficio de no ser acusado por la Fiscal\u00eda. La situaci\u00f3n fue denunciada en sus redes sociales por el propio fiscal general de la Rep\u00fablica, Johel Zelaya.<\/p>\n<div class=\"fs-dynamic\">\n<div>\n<p>El juez, en su resoluci\u00f3n, detall\u00f3 que, en el caso de Vallecillo, la medida la cumplir\u00e1 en la Direcci\u00f3n Nacional de Fuerzas Especiales debido a garantizar su seguridad por el cargo de juez que ostentaba, mientras que Nelson Sierra fue remitido a la Penitenciar\u00eda Nacional de T\u00e1mara.<\/p>\n<p>Fuente: La Tribuna<\/p>\n<\/div>\n<\/div>\n<\/div>\n<\/div>\n","protected":false},"excerpt":{"rendered":"<p>25.08.24 El juez del Juzgado de Letras con Jurisdicci\u00f3n Nacional en Materia de Criminalidad Organizada, Medio Ambiente y Corrupci\u00f3n, Juan Carlos Colindres, en resoluci\u00f3n de audiencia inicial, dict\u00f3 un auto de formal procesamiento con la medida de prisi\u00f3n preventiva para Marco Antonio Vallecillo y Nelson Omar Sierra, acusados del delito de extorsi\u00f3n. El Ministerio P\u00fablico &hellip;<\/p>\n","protected":false},"author":0,"featured_media":78047,"comment_status":"open","ping_status":"open","sticky":false,"template":"","format":"standard","meta":{"_jetpack_memberships_contains_paid_content":false,"footnotes":""},"categories":[5],"tags":[],"class_list":["post-78046","post","type-post","status-publish","format-standard","has-post-thumbnail","","category-noticias"],"jetpack_sharing_enabled":true,"jetpack_featured_media_url":"https:\/\/mickyandoniehn.com\/radio\/wp-content\/uploads\/2024\/08\/VALLECILLO-F1-696x356-1-xrVqOM.jpeg","_links":{"self":[{"href":"https:\/\/mickyandoniehn.com\/radio\/wp-json\/wp\/v2\/posts\/78046","targetHints":{"allow":["GET"]}}],"collection":[{"href":"https:\/\/mickyandoniehn.com\/radio\/wp-json\/wp\/v2\/posts"}],"about":[{"href":"https:\/\/mickyandoniehn.com\/radio\/wp-json\/wp\/v2\/types\/post"}],"replies":[{"embeddable":true,"href":"https:\/\/mickyandoniehn.com\/radio\/wp-json\/wp\/v2\/comments?post=78046"}],"version-history":[{"count":0,"href":"https:\/\/mickyandoniehn.com\/radio\/wp-json\/wp\/v2\/posts\/78046\/revisions"}],"wp:featuredmedia":[{"embeddable":true,"href":"https:\/\/mickyandoniehn.com\/radio\/wp-json\/wp\/v2\/media\/78047"}],"wp:attachment":[{"href":"https:\/\/mickyandoniehn.com\/radio\/wp-json\/wp\/v2\/media?parent=78046"}],"wp:term":[{"taxonomy":"category","embeddable":true,"href":"https:\/\/mickyandoniehn.com\/radio\/wp-json\/wp\/v2\/categories?post=78046"},{"taxonomy":"post_tag","embeddable":true,"href":"https:\/\/mickyandoniehn.com\/radio\/wp-json\/wp\/v2\/tags?post=78046"}],"curies":[{"name":"wp","href":"https:\/\/api.w.org\/{rel}","templated":true}]}}