{"id":78042,"date":"2024-08-25T08:12:54","date_gmt":"2024-08-25T14:12:54","guid":{"rendered":"http:\/\/mickyandoniehn.com\/radio\/2024\/08\/25\/con-nuevos-semaforos-priorizan-paso-de-peatones\/"},"modified":"2024-08-25T08:12:54","modified_gmt":"2024-08-25T14:12:54","slug":"con-nuevos-semaforos-priorizan-paso-de-peatones","status":"publish","type":"post","link":"https:\/\/mickyandoniehn.com\/radio\/2024\/08\/25\/con-nuevos-semaforos-priorizan-paso-de-peatones\/","title":{"rendered":"Con nuevos sem\u00e1foros priorizan paso de peatones"},"content":{"rendered":"<\/p>\n<p><strong>25.08.24<\/strong><\/p>\n<p>La Alcald\u00eda Municipal del Distrito Central (AMDC) anunci\u00f3 la operaci\u00f3n de un nuevo lote de sem\u00e1foros en la capital, con el objetivo de priorizar el paso del peat\u00f3n y garantizar su seguridad, as\u00ed como, mejorar el orden y la fluidez en la circulaci\u00f3n vehicular.<\/p>\n<p>Los puntos intervenidos son el Hospital Materno Infantil, Plantas Tropicales, barrios La Guadalupe y La Hoya y el bulevar Los Pr\u00f3ceres, pr\u00f3ximamente, se habilitar\u00e1n en El Prado, el bulevar Resistencia Popular y a inmediaciones del estadio Nacional \u201cChelato\u201d Ucl\u00e9s.<\/p>\n<p>Estos dispositivos fueron dise\u00f1ados con secuencias espec\u00edficas para garantizar una mayor fluidez del tr\u00e1fico, ajustando los tiempos de los ciclos en funci\u00f3n del flujo vehicular en diferentes momentos del d\u00eda, de manera que, durante las horas de mayor congesti\u00f3n, los sem\u00e1foros optimizar\u00e1n el tr\u00e1nsito para minimizar los embotellamientos y facilitar la movilidad en las zonas m\u00e1s conflictivas, informaron las autoridades.<\/p>\n<p>El objetivo es regular el tr\u00e1fico y proteger a los peatones en zonas cr\u00edticas.<\/p>\n<p>La AMDC inici\u00f3 el proyecto con el prop\u00f3sito principal de ordenar la circulaci\u00f3n, mejorar la seguridad y la eficiencia del transporte en el Distrito Central, a la vez que se busca fomentar una cultura de respeto hacia las normas de tr\u00e1nsito entre los conductores y peatones.<\/p>\n<p>El financiamiento de este proyecto forma parte de un pr\u00e9stamo otorgado por el Banco<\/p>\n<p>Interamericano de Desarrollo (BID) a la comuna capitalina, con el cual fue financiado.<\/p>\n<p>Las autoridades municipales instaron a la ciudadan\u00eda a respetar las nuevas se\u00f1ales de tr\u00e1nsito y los aparatos instalados, para que tanto peatones como conductores respeten los tiempos en que cada uno debe circular, para evitar los terribles accidentes que se han registrado en los diferentes puntos.<\/p>\n<p>Uno de los puntos m\u00e1s cr\u00edticos est\u00e1 en el bulevar Los Pr\u00f3ceres.<\/p>\n<p>Los nuevos sem\u00e1foros incluyen pasos peatonales dise\u00f1ados para salvaguardar a los transe\u00fantes, por lo tanto, es fundamental que los peatones tambi\u00e9n respeten los tiempos de los dispositivos peatonales para evitar poner en riesgo su integridad f\u00edsica.<\/p>\n<div class=\"fs-dynamic\">\n<div>La AMDC confirm\u00f3 que est\u00e1 comprometida a seguir trabajando en la mejora de la infraestructura vial y en la promoci\u00f3n de un tr\u00e1nsito ordenado, por lo que la implementaci\u00f3n de los sem\u00e1foros es solo una parte del esfuerzo para modernizar y optimizar el sistema de tr\u00e1fico en la ciudad.<\/div>\n<div>Fuente: La Tribuna<\/div>\n<\/div>\n","protected":false},"excerpt":{"rendered":"<p>25.08.24 La Alcald\u00eda Municipal del Distrito Central (AMDC) anunci\u00f3 la operaci\u00f3n de un nuevo lote de sem\u00e1foros en la capital, con el objetivo de priorizar el paso del peat\u00f3n y garantizar su seguridad, as\u00ed como, mejorar el orden y la fluidez en la circulaci\u00f3n vehicular. Los puntos intervenidos son el Hospital Materno Infantil, Plantas Tropicales, &hellip;<\/p>\n","protected":false},"author":0,"featured_media":78043,"comment_status":"open","ping_status":"open","sticky":false,"template":"","format":"standard","meta":{"_jetpack_memberships_contains_paid_content":false,"footnotes":""},"categories":[5],"tags":[],"class_list":["post-78042","post","type-post","status-publish","format-standard","has-post-thumbnail","","category-noticias"],"jetpack_sharing_enabled":true,"jetpack_featured_media_url":"https:\/\/mickyandoniehn.com\/radio\/wp-content\/uploads\/2024\/08\/SEMAFORO-1-696x356-1-BI5PlF.jpeg","_links":{"self":[{"href":"https:\/\/mickyandoniehn.com\/radio\/wp-json\/wp\/v2\/posts\/78042","targetHints":{"allow":["GET"]}}],"collection":[{"href":"https:\/\/mickyandoniehn.com\/radio\/wp-json\/wp\/v2\/posts"}],"about":[{"href":"https:\/\/mickyandoniehn.com\/radio\/wp-json\/wp\/v2\/types\/post"}],"replies":[{"embeddable":true,"href":"https:\/\/mickyandoniehn.com\/radio\/wp-json\/wp\/v2\/comments?post=78042"}],"version-history":[{"count":0,"href":"https:\/\/mickyandoniehn.com\/radio\/wp-json\/wp\/v2\/posts\/78042\/revisions"}],"wp:featuredmedia":[{"embeddable":true,"href":"https:\/\/mickyandoniehn.com\/radio\/wp-json\/wp\/v2\/media\/78043"}],"wp:attachment":[{"href":"https:\/\/mickyandoniehn.com\/radio\/wp-json\/wp\/v2\/media?parent=78042"}],"wp:term":[{"taxonomy":"category","embeddable":true,"href":"https:\/\/mickyandoniehn.com\/radio\/wp-json\/wp\/v2\/categories?post=78042"},{"taxonomy":"post_tag","embeddable":true,"href":"https:\/\/mickyandoniehn.com\/radio\/wp-json\/wp\/v2\/tags?post=78042"}],"curies":[{"name":"wp","href":"https:\/\/api.w.org\/{rel}","templated":true}]}}