{"id":78014,"date":"2024-08-24T10:12:44","date_gmt":"2024-08-24T16:12:44","guid":{"rendered":"http:\/\/mickyandoniehn.com\/radio\/2024\/08\/24\/robert-f-kennedy-jr-suspende-su-candidatura-presidencial-esta-es-la-razon\/"},"modified":"2024-08-24T10:12:44","modified_gmt":"2024-08-24T16:12:44","slug":"robert-f-kennedy-jr-suspende-su-candidatura-presidencial-esta-es-la-razon","status":"publish","type":"post","link":"https:\/\/mickyandoniehn.com\/radio\/2024\/08\/24\/robert-f-kennedy-jr-suspende-su-candidatura-presidencial-esta-es-la-razon\/","title":{"rendered":"Robert F. Kennedy Jr. suspende su candidatura presidencial, esta es la raz\u00f3n"},"content":{"rendered":"<\/p>\n<p>Este viernes, a trav\u00e9s de una rueda de prensa, el sobrino del expresidente John F. Kennedy, Robert F. Kennedy Jr. inform\u00f3 de la suspensi\u00f3n de su candidatura presidencial de Estados Unidos.<\/p>\n<p>De acuerdo a lo dicho por Kennedy, no le esta poniendo fin a su candidatura presidencial, \u201csimplemente la estoy suspendiendo y no le estoy poniendo fin\u201d.<\/p>\n<p>Asimismo, aseguro que su nombre figurar\u00e1 en \u201clas papeletas electorales en la mayor\u00eda de los estados\u201d.<\/p>\n<p>De esa misma forma, Robert F. Kennedy Jr. no podio el voto directo para el candidato republicano, Donald Trump pero si mencion\u00f3 que le brinda su apoyo.<\/p>\n<p>\u201cTres grandes causas me llevaron a participar en esta carrera en primer lugar, principalmente, y estas son las principales causas que me persuadieron a dejar el Partido Dem\u00f3crata y postularme como independiente, y ahora a dar mi apoyo al presidente Trump\u201d, reiter\u00f3.<\/p>\n<h3><strong>\u00bfPodr\u00eda influenciar Kennedy Jr. en el voto a Trump?<\/strong><\/h3>\n<p>De acuerdo a las cifras,\u00a0Robert F. Kennedy Jr.\u00a0aun que mantuvo solo un 5% del apoyo, el pol\u00edtico podr\u00eda ser una pieza clave para Trump en las pr\u00f3ximas elecciones del 5 de noviembre.<\/p>\n<p>En ese sentido, Robert F. Kennedy Jr. anunci\u00f3 la suspensi\u00f3n de su candidatura presidencial en Phoenix, Arizona. Estado en el que Trump celebrar un evento de su campa\u00f1a este viernes.<\/p>\n<p>Mismo evento en el que Robert F. Kennedy Jr. podr\u00eda participar tras las criticas hechas al Partido Dem\u00f3crata, en el procesaron su padre y su t\u00edo.<\/p>\n<p>\u00a0<\/p>\n<p>Fuente: El Pa\u00eds<\/p>\n","protected":false},"excerpt":{"rendered":"<p>Este viernes, a trav\u00e9s de una rueda de prensa, el sobrino del expresidente John F. Kennedy, Robert F. Kennedy Jr. inform\u00f3 de la suspensi\u00f3n de su candidatura presidencial de Estados Unidos. De acuerdo a lo dicho por Kennedy, no le esta poniendo fin a su candidatura presidencial, \u201csimplemente la estoy suspendiendo y no le estoy &hellip;<\/p>\n","protected":false},"author":0,"featured_media":78015,"comment_status":"open","ping_status":"open","sticky":false,"template":"","format":"standard","meta":{"_jetpack_memberships_contains_paid_content":false,"footnotes":""},"categories":[5],"tags":[],"class_list":["post-78014","post","type-post","status-publish","format-standard","has-post-thumbnail","","category-noticias"],"jetpack_sharing_enabled":true,"jetpack_featured_media_url":"https:\/\/mickyandoniehn.com\/radio\/wp-content\/uploads\/2024\/08\/8-18Dzmz.jpeg","_links":{"self":[{"href":"https:\/\/mickyandoniehn.com\/radio\/wp-json\/wp\/v2\/posts\/78014","targetHints":{"allow":["GET"]}}],"collection":[{"href":"https:\/\/mickyandoniehn.com\/radio\/wp-json\/wp\/v2\/posts"}],"about":[{"href":"https:\/\/mickyandoniehn.com\/radio\/wp-json\/wp\/v2\/types\/post"}],"replies":[{"embeddable":true,"href":"https:\/\/mickyandoniehn.com\/radio\/wp-json\/wp\/v2\/comments?post=78014"}],"version-history":[{"count":0,"href":"https:\/\/mickyandoniehn.com\/radio\/wp-json\/wp\/v2\/posts\/78014\/revisions"}],"wp:featuredmedia":[{"embeddable":true,"href":"https:\/\/mickyandoniehn.com\/radio\/wp-json\/wp\/v2\/media\/78015"}],"wp:attachment":[{"href":"https:\/\/mickyandoniehn.com\/radio\/wp-json\/wp\/v2\/media?parent=78014"}],"wp:term":[{"taxonomy":"category","embeddable":true,"href":"https:\/\/mickyandoniehn.com\/radio\/wp-json\/wp\/v2\/categories?post=78014"},{"taxonomy":"post_tag","embeddable":true,"href":"https:\/\/mickyandoniehn.com\/radio\/wp-json\/wp\/v2\/tags?post=78014"}],"curies":[{"name":"wp","href":"https:\/\/api.w.org\/{rel}","templated":true}]}}