{"id":78006,"date":"2024-08-24T08:14:38","date_gmt":"2024-08-24T14:14:38","guid":{"rendered":"http:\/\/mickyandoniehn.com\/radio\/2024\/08\/24\/inauguran-taller-planificacion-de-carga-multimodal-y-desarrollo-de-proyectos\/"},"modified":"2024-08-24T08:14:38","modified_gmt":"2024-08-24T14:14:38","slug":"inauguran-taller-planificacion-de-carga-multimodal-y-desarrollo-de-proyectos","status":"publish","type":"post","link":"https:\/\/mickyandoniehn.com\/radio\/2024\/08\/24\/inauguran-taller-planificacion-de-carga-multimodal-y-desarrollo-de-proyectos\/","title":{"rendered":"Inauguran taller Planificaci\u00f3n de Carga Multimodal y Desarrollo de Proyectos"},"content":{"rendered":"<\/p>\n<p><span class=\"css-1jxf684 r-bcqeeo r-1ttztb7 r-qvutc0 r-poiln3\">Esta semana se inaugur\u00f3 el taller \u201cPlanificaci\u00f3n de Carga Multimodal y Desarrollo de Proyectos\u201d un esfuerzo conjunto entre la Comisi\u00f3n Nacional del Ferrocarril Interoce\u00e1nico (CONFI), el Departamento de Transporte de EEUU y el Departamento de Comercio de EEUU a trav\u00e9s de su divisi\u00f3n CLDP y la embajada de EEUU<\/span><span class=\"css-1jxf684 r-bcqeeo r-1ttztb7 r-qvutc0 r-poiln3\">.<\/span><\/p>\n<p><span class=\"css-1jxf684 r-bcqeeo r-1ttztb7 r-qvutc0 r-poiln3\">Este taller es clave para la capacitaci\u00f3n de nuestra Mesa T\u00e9cnica Log\u00edstica, conformada por m\u00e1s de 20 t\u00e9cnicos y profesionales de distintas instituciones que conforman la CONFI. Preparamos a Honduras para la construcci\u00f3n del Ferrocarril Interoce\u00e1nico y estamos sentando las bases para transformar nuestro pa\u00eds en un hub log\u00edstico de carga crucial para la regi\u00f3n y el comercio mundial.<\/span><\/p>\n<p>Fuente: Diario la Truna<\/p>\n","protected":false},"excerpt":{"rendered":"<p>Esta semana se inaugur\u00f3 el taller \u201cPlanificaci\u00f3n de Carga Multimodal y Desarrollo de Proyectos\u201d un esfuerzo conjunto entre la Comisi\u00f3n Nacional del Ferrocarril Interoce\u00e1nico (CONFI), el Departamento de Transporte de EEUU y el Departamento de Comercio de EEUU a trav\u00e9s de su divisi\u00f3n CLDP y la embajada de EEUU. Este taller es clave para la &hellip;<\/p>\n","protected":false},"author":0,"featured_media":78007,"comment_status":"open","ping_status":"open","sticky":false,"template":"","format":"standard","meta":{"_jetpack_memberships_contains_paid_content":false,"footnotes":""},"categories":[5],"tags":[],"class_list":["post-78006","post","type-post","status-publish","format-standard","has-post-thumbnail","","category-noticias"],"jetpack_sharing_enabled":true,"jetpack_featured_media_url":"https:\/\/mickyandoniehn.com\/radio\/wp-content\/uploads\/2024\/08\/1-1-oet2gw.png","_links":{"self":[{"href":"https:\/\/mickyandoniehn.com\/radio\/wp-json\/wp\/v2\/posts\/78006","targetHints":{"allow":["GET"]}}],"collection":[{"href":"https:\/\/mickyandoniehn.com\/radio\/wp-json\/wp\/v2\/posts"}],"about":[{"href":"https:\/\/mickyandoniehn.com\/radio\/wp-json\/wp\/v2\/types\/post"}],"replies":[{"embeddable":true,"href":"https:\/\/mickyandoniehn.com\/radio\/wp-json\/wp\/v2\/comments?post=78006"}],"version-history":[{"count":0,"href":"https:\/\/mickyandoniehn.com\/radio\/wp-json\/wp\/v2\/posts\/78006\/revisions"}],"wp:featuredmedia":[{"embeddable":true,"href":"https:\/\/mickyandoniehn.com\/radio\/wp-json\/wp\/v2\/media\/78007"}],"wp:attachment":[{"href":"https:\/\/mickyandoniehn.com\/radio\/wp-json\/wp\/v2\/media?parent=78006"}],"wp:term":[{"taxonomy":"category","embeddable":true,"href":"https:\/\/mickyandoniehn.com\/radio\/wp-json\/wp\/v2\/categories?post=78006"},{"taxonomy":"post_tag","embeddable":true,"href":"https:\/\/mickyandoniehn.com\/radio\/wp-json\/wp\/v2\/tags?post=78006"}],"curies":[{"name":"wp","href":"https:\/\/api.w.org\/{rel}","templated":true}]}}