{"id":77998,"date":"2024-08-24T08:14:30","date_gmt":"2024-08-24T14:14:30","guid":{"rendered":"http:\/\/mickyandoniehn.com\/radio\/2024\/08\/24\/el-papa-avisa-que-el-potencial-de-las-armas-modernas-ha-cambiado-los-limites-de-la-guerra\/"},"modified":"2024-08-24T08:14:30","modified_gmt":"2024-08-24T14:14:30","slug":"el-papa-avisa-que-el-potencial-de-las-armas-modernas-ha-cambiado-los-limites-de-la-guerra","status":"publish","type":"post","link":"https:\/\/mickyandoniehn.com\/radio\/2024\/08\/24\/el-papa-avisa-que-el-potencial-de-las-armas-modernas-ha-cambiado-los-limites-de-la-guerra\/","title":{"rendered":"El papa avisa que el potencial de las armas modernas ha cambiado los l\u00edmites de la guerra"},"content":{"rendered":"<\/p>\n<p>Tegucigalpa. El papa Francisco advirti\u00f3 este s\u00e1bado que el gran potencial de las armas contempor\u00e1neas ha convertido en \u00abobsoletos\u00bb los tradicionales l\u00edmites de la guerra y anim\u00f3 a reforzar la justicia, acotando las desigualdades en el mundo, para la resoluci\u00f3n de conflictos.<\/p>\n<p>\u00abLa presente situaci\u00f3n de \u2018Tercera Guerra Mundial por partes\u2019 parece permanente e imparable\u00bb, lament\u00f3 el pont\u00edfice durante una audiencia con los miembros del \u2018International Catholic Legislators Network\u2019, reunidos estos d\u00edas en un foro en Frascati (centro).<\/p>\n<p>Francisco avis\u00f3 de que la situaci\u00f3n actual de crisis \u00abamenaza seriamente los esfuerzos pacientes de la comunidad internacional, sobre todo con la diplomacia multilateral, para animar la cooperaci\u00f3n a la hora de afrontar las graves desigualdades y retos sociales, econ\u00f3micos y ambientales\u00bb de la humanidad.<\/p>\n<p>Por eso, defendi\u00f3 ante los reflexiones los legisladores cat\u00f3licos que es \u00abimperativo renunciar a la guerra como medio para resolver conflictos y establecer justicia\u00bb.<\/p>\n<p>\u00abEfectivamente, la enorme capacidad destructiva de los armamentos contempor\u00e1neos ha hecho obsoletos los tradicionales criterios de l\u00edmite de la guerra\u00bb, subray\u00f3.<\/p>\n<p>Y agreg\u00f3: \u00abEn muchos casos, la distinci\u00f3n entre objetivos militares y civiles es cada vez m\u00e1s inconsistente. Nuestras conciencias no pueden no conmoverse antes las escenas de muerte y destrucci\u00f3n que cotidianamente tenemos ante nuestros ojos\u00bb.<\/p>\n<p>Francisco dijo que se necesita \u00abescuchar el grito del pobre, de las viudas y de los hu\u00e9rfanos\u00bb para comprender \u00abel abismo de mar que est\u00e1 en el coraz\u00f3n de la guerra\u00bb y para \u00abdecidir elegir la paz con todo medio posible\u00bb.<\/p>\n<p>En segundo lugar, el pont\u00edfice argentino recomend\u00f3 \u00abperseverancia y paciencia\u00bb para segur por la v\u00eda de la paz mediante la negociaci\u00f3n, la mediaci\u00f3n o el arbitraje a la hora de resolver actuales y futuros conflictos en el mundo.<\/p>\n<p>Para ello, llam\u00f3 a generar una \u00abrenovada confianza en las estructuras de la cooperaci\u00f3n internacional\u00bb, que deben ser actualizadas constantemente.<\/p>\n<p>\u00abA pesar de su eficacia, comprobada con los a\u00f1os, en la promoci\u00f3n de esfuerzos globales para la paz y el respeto del derecho internacional, estas estructuras necesitan continuamente de reformas y renovaci\u00f3n para adaptarse a las circunstancias actuales\u00bb, dijo.<\/p>\n<p>Para ello, para proporcionar bases cada vez m\u00e1s s\u00f3lidas al derecho humanitario internacional, Francisco propuso trabajar para una distribuci\u00f3n cada vez m\u00e1s equitativa de los bienes de la tierra, \u00abasegurando un desarrollo integral a las personas y pueblos\u00bb.<\/p>\n<p>Pero tambi\u00e9n superando \u00ablas escandalosas desigualdades e injusticias que alimentan los conflictos a largo plazo y generan actos de violencia en todo el mundo\u00bb, sostuvo. EFE<\/p>\n<p>\u00a0<\/p>\n<p>Fuente: Radio Am\u00e9rica<\/p>\n","protected":false},"excerpt":{"rendered":"<p>Tegucigalpa. El papa Francisco advirti\u00f3 este s\u00e1bado que el gran potencial de las armas contempor\u00e1neas ha convertido en \u00abobsoletos\u00bb los tradicionales l\u00edmites de la guerra y anim\u00f3 a reforzar la justicia, acotando las desigualdades en el mundo, para la resoluci\u00f3n de conflictos. \u00abLa presente situaci\u00f3n de \u2018Tercera Guerra Mundial por partes\u2019 parece permanente e imparable\u00bb, &hellip;<\/p>\n","protected":false},"author":0,"featured_media":77999,"comment_status":"open","ping_status":"open","sticky":false,"template":"","format":"standard","meta":{"_jetpack_memberships_contains_paid_content":false,"footnotes":""},"categories":[5],"tags":[],"class_list":["post-77998","post","type-post","status-publish","format-standard","has-post-thumbnail","","category-noticias"],"jetpack_sharing_enabled":true,"jetpack_featured_media_url":"https:\/\/mickyandoniehn.com\/radio\/wp-content\/uploads\/2024\/08\/5-3-oBx5Zf.jpeg","_links":{"self":[{"href":"https:\/\/mickyandoniehn.com\/radio\/wp-json\/wp\/v2\/posts\/77998","targetHints":{"allow":["GET"]}}],"collection":[{"href":"https:\/\/mickyandoniehn.com\/radio\/wp-json\/wp\/v2\/posts"}],"about":[{"href":"https:\/\/mickyandoniehn.com\/radio\/wp-json\/wp\/v2\/types\/post"}],"replies":[{"embeddable":true,"href":"https:\/\/mickyandoniehn.com\/radio\/wp-json\/wp\/v2\/comments?post=77998"}],"version-history":[{"count":0,"href":"https:\/\/mickyandoniehn.com\/radio\/wp-json\/wp\/v2\/posts\/77998\/revisions"}],"wp:featuredmedia":[{"embeddable":true,"href":"https:\/\/mickyandoniehn.com\/radio\/wp-json\/wp\/v2\/media\/77999"}],"wp:attachment":[{"href":"https:\/\/mickyandoniehn.com\/radio\/wp-json\/wp\/v2\/media?parent=77998"}],"wp:term":[{"taxonomy":"category","embeddable":true,"href":"https:\/\/mickyandoniehn.com\/radio\/wp-json\/wp\/v2\/categories?post=77998"},{"taxonomy":"post_tag","embeddable":true,"href":"https:\/\/mickyandoniehn.com\/radio\/wp-json\/wp\/v2\/tags?post=77998"}],"curies":[{"name":"wp","href":"https:\/\/api.w.org\/{rel}","templated":true}]}}