{"id":77984,"date":"2024-08-23T09:12:53","date_gmt":"2024-08-23T15:12:53","guid":{"rendered":"http:\/\/mickyandoniehn.com\/radio\/2024\/08\/23\/bajo-vigilancia-migrante-retornado-y-su-familia-por-posible-viruela-de-mono\/"},"modified":"2024-08-23T09:12:53","modified_gmt":"2024-08-23T15:12:53","slug":"bajo-vigilancia-migrante-retornado-y-su-familia-por-posible-viruela-de-mono","status":"publish","type":"post","link":"https:\/\/mickyandoniehn.com\/radio\/2024\/08\/23\/bajo-vigilancia-migrante-retornado-y-su-familia-por-posible-viruela-de-mono\/","title":{"rendered":"Bajo vigilancia migrante retornado y su familia por posible viruela de mono"},"content":{"rendered":"<p>Tegucigalpa 23.08.2024<\/p>\n<p>Una familia de cinco miembros se encuentra bajo vigilancia m\u00e9dica, por sospecha de viruela de mono, en el municipio de Bel\u00e9n Gualcho, departamento de Lempira, luego que llegara el padre deportado de Estados Unidos, inform\u00f3 la titular de la Secretar\u00eda de Salud (Sesal), Carla Paredes.<\/p>\n<p>El hondure\u00f1o lleg\u00f3 deportado hace cinco d\u00edas y est\u00e1 completamente sano, \u201ces una familia en Lempira que hace 15 d\u00edas inician con lesiones en la piel\u2026 Tenemos casi la certeza que no es viruela, sin embargo, estamos haciendo las pruebas, este viernes tenemos los resultados\u00bb, anunci\u00f3 Paredes.<\/p>\n<p>Explic\u00f3 que las lesiones se presentan en brazos y tronco del cuerpo, sin embargo, aclar\u00f3 que no es as\u00ed como empieza la enfermedad. A la familia ya se le realizaron las pruebas m\u00e9dicas con las que se confirmar\u00e1 o descartar\u00e1 el padecimiento.<\/p>\n<p>\u00abDe primera instancia no es viruela, el d\u00eda viernes informaremos a la poblaci\u00f3n para que estemos todos enterados sobre la enfermedad\u00bb, asegur\u00f3.<\/p>\n<p>\u00a0<\/p>\n<p>Fuente: La tribuna<\/p>\n","protected":false},"excerpt":{"rendered":"<p>Tegucigalpa 23.08.2024 Una familia de cinco miembros se encuentra bajo vigilancia m\u00e9dica, por sospecha de viruela de mono, en el municipio de Bel\u00e9n Gualcho, departamento de Lempira, luego que llegara el padre deportado de Estados Unidos, inform\u00f3 la titular de la Secretar\u00eda de Salud (Sesal), Carla Paredes. El hondure\u00f1o lleg\u00f3 deportado hace cinco d\u00edas y &hellip;<\/p>\n","protected":false},"author":0,"featured_media":77985,"comment_status":"open","ping_status":"open","sticky":false,"template":"","format":"standard","meta":{"_jetpack_memberships_contains_paid_content":false,"footnotes":""},"categories":[5],"tags":[],"class_list":["post-77984","post","type-post","status-publish","format-standard","has-post-thumbnail","","category-noticias"],"jetpack_sharing_enabled":true,"jetpack_featured_media_url":"https:\/\/mickyandoniehn.com\/radio\/wp-content\/uploads\/2024\/08\/IMG_0394-0Y3UIf.jpeg","_links":{"self":[{"href":"https:\/\/mickyandoniehn.com\/radio\/wp-json\/wp\/v2\/posts\/77984","targetHints":{"allow":["GET"]}}],"collection":[{"href":"https:\/\/mickyandoniehn.com\/radio\/wp-json\/wp\/v2\/posts"}],"about":[{"href":"https:\/\/mickyandoniehn.com\/radio\/wp-json\/wp\/v2\/types\/post"}],"replies":[{"embeddable":true,"href":"https:\/\/mickyandoniehn.com\/radio\/wp-json\/wp\/v2\/comments?post=77984"}],"version-history":[{"count":0,"href":"https:\/\/mickyandoniehn.com\/radio\/wp-json\/wp\/v2\/posts\/77984\/revisions"}],"wp:featuredmedia":[{"embeddable":true,"href":"https:\/\/mickyandoniehn.com\/radio\/wp-json\/wp\/v2\/media\/77985"}],"wp:attachment":[{"href":"https:\/\/mickyandoniehn.com\/radio\/wp-json\/wp\/v2\/media?parent=77984"}],"wp:term":[{"taxonomy":"category","embeddable":true,"href":"https:\/\/mickyandoniehn.com\/radio\/wp-json\/wp\/v2\/categories?post=77984"},{"taxonomy":"post_tag","embeddable":true,"href":"https:\/\/mickyandoniehn.com\/radio\/wp-json\/wp\/v2\/tags?post=77984"}],"curies":[{"name":"wp","href":"https:\/\/api.w.org\/{rel}","templated":true}]}}