{"id":77969,"date":"2024-08-23T08:13:06","date_gmt":"2024-08-23T14:13:06","guid":{"rendered":"http:\/\/mickyandoniehn.com\/radio\/2024\/08\/23\/inprema-llama-al-dialogo-mientras-continuan-las-tomas-por-tercer-dia-consecutivo\/"},"modified":"2024-08-23T08:13:06","modified_gmt":"2024-08-23T14:13:06","slug":"inprema-llama-al-dialogo-mientras-continuan-las-tomas-por-tercer-dia-consecutivo","status":"publish","type":"post","link":"https:\/\/mickyandoniehn.com\/radio\/2024\/08\/23\/inprema-llama-al-dialogo-mientras-continuan-las-tomas-por-tercer-dia-consecutivo\/","title":{"rendered":"Inprema llama al di\u00e1logo mientras contin\u00faan las tomas por tercer d\u00eda consecutivo"},"content":{"rendered":"<p>Tegucigalpa | 23.08.2024<\/p>\n<p>Hoy se cumplen tres d\u00edas desde que un grupo de docentes mantiene tomadas las instalaciones del <a href=\"https:\/\/www.elheraldo.hn\/honduras\/inprema-suspende-servicios-debido-tomas-instalaciones-AC20993627\" target=\"_blank\" rel=\"noopener\">Instituto Nacional de Previsi\u00f3n del Magisterio (Inprema)<\/a> en rechazo a la reforma de la <a href=\"https:\/\/www.elheraldo.hn\/honduras\/reformas-inprema-financiadas-gobierno-aportaciones-maestros-honduras-CO20480222\" target=\"_blank\" rel=\"noopener\">Ley Inprema. <\/a><\/p>\n<p>Seg\u00fan los manifestantes, que aseguran pertenecer al departamento de Olancho, no cesar\u00e1n las protestas hasta que sus demandas sean escuchadas.<\/p>\n<p>La coordinadora de las bases magisteriales,Yanina Parada, hab\u00eda anunciado las tomas la semana pasada, argumentando que las reformas propuestas afectan los derechos adquiridos de los maestros.<\/p>\n<p>Ayer, un grupo de docentes intent\u00f3 dialogar con la bancada del Partido Nacional en el Congreso Nacional, pero se les impidi\u00f3 el acceso, obligando a los diputados a atenderlos en las afueras del recinto.<\/p>\n<p>Por su parte, las autoridades del Inprema han hecho un llamado al di\u00e1logo, instando a los sectores que se oponen a la reforma a presentar sus propuestas por escrito.<\/p>\n<p>Estas, seg\u00fan indicaron, ser\u00e1n le\u00eddas y debatidas en un espacio abierto para enriquecer el proceso legislativo con argumentos t\u00e9cnicos s\u00f3lidos y estudios actuariales.<\/p>\n<p>\u00a0<\/p>\n<p>Fuente: El HERALDO<\/p>\n","protected":false},"excerpt":{"rendered":"<p>Tegucigalpa | 23.08.2024 Hoy se cumplen tres d\u00edas desde que un grupo de docentes mantiene tomadas las instalaciones del Instituto Nacional de Previsi\u00f3n del Magisterio (Inprema) en rechazo a la reforma de la Ley Inprema. Seg\u00fan los manifestantes, que aseguran pertenecer al departamento de Olancho, no cesar\u00e1n las protestas hasta que sus demandas sean escuchadas. &hellip;<\/p>\n","protected":false},"author":0,"featured_media":77970,"comment_status":"open","ping_status":"open","sticky":false,"template":"","format":"standard","meta":{"_jetpack_memberships_contains_paid_content":false,"footnotes":""},"categories":[5],"tags":[],"class_list":["post-77969","post","type-post","status-publish","format-standard","has-post-thumbnail","","category-noticias"],"jetpack_sharing_enabled":true,"jetpack_featured_media_url":"https:\/\/mickyandoniehn.com\/radio\/wp-content\/uploads\/2024\/08\/IMG_0386-YXYOKt.jpeg","_links":{"self":[{"href":"https:\/\/mickyandoniehn.com\/radio\/wp-json\/wp\/v2\/posts\/77969","targetHints":{"allow":["GET"]}}],"collection":[{"href":"https:\/\/mickyandoniehn.com\/radio\/wp-json\/wp\/v2\/posts"}],"about":[{"href":"https:\/\/mickyandoniehn.com\/radio\/wp-json\/wp\/v2\/types\/post"}],"replies":[{"embeddable":true,"href":"https:\/\/mickyandoniehn.com\/radio\/wp-json\/wp\/v2\/comments?post=77969"}],"version-history":[{"count":0,"href":"https:\/\/mickyandoniehn.com\/radio\/wp-json\/wp\/v2\/posts\/77969\/revisions"}],"wp:featuredmedia":[{"embeddable":true,"href":"https:\/\/mickyandoniehn.com\/radio\/wp-json\/wp\/v2\/media\/77970"}],"wp:attachment":[{"href":"https:\/\/mickyandoniehn.com\/radio\/wp-json\/wp\/v2\/media?parent=77969"}],"wp:term":[{"taxonomy":"category","embeddable":true,"href":"https:\/\/mickyandoniehn.com\/radio\/wp-json\/wp\/v2\/categories?post=77969"},{"taxonomy":"post_tag","embeddable":true,"href":"https:\/\/mickyandoniehn.com\/radio\/wp-json\/wp\/v2\/tags?post=77969"}],"curies":[{"name":"wp","href":"https:\/\/api.w.org\/{rel}","templated":true}]}}