{"id":77959,"date":"2024-08-23T08:12:53","date_gmt":"2024-08-23T14:12:53","guid":{"rendered":"http:\/\/mickyandoniehn.com\/radio\/2024\/08\/23\/crecimiento-economico-e-inclusion-social-urgen-para-desarrollar-tela\/"},"modified":"2024-08-23T08:12:53","modified_gmt":"2024-08-23T14:12:53","slug":"crecimiento-economico-e-inclusion-social-urgen-para-desarrollar-tela","status":"publish","type":"post","link":"https:\/\/mickyandoniehn.com\/radio\/2024\/08\/23\/crecimiento-economico-e-inclusion-social-urgen-para-desarrollar-tela\/","title":{"rendered":"Crecimiento econ\u00f3mico e inclusi\u00f3n social urgen para desarrollar Tela"},"content":{"rendered":"<p>Tegucigalpa | 23.08.2024<\/p>\n<p>El Partido Liberal, bajo la bandera de Todos por Honduras, present\u00f3 como su candidato oficial a la alcald\u00eda de Tela al abogado H\u00e9ctor Flores.<\/p>\n<p>Con una s\u00f3lida formaci\u00f3n acad\u00e9mica y una destacada trayectoria profesional, Flores se ha consolidado como una figura de confianza, con la preparaci\u00f3n necesaria para asumir el liderazgo que el municipio necesita.<\/p>\n<p>Al ser un profesional del derecho con una especializaci\u00f3n en finanzas, ha podido combinar su conocimiento legal con una profunda comprensi\u00f3n de los desaf\u00edos econ\u00f3micos y administrativos que enfrenta la ciudad.<\/p>\n<p>Su experiencia no se limita al \u00e1mbito legal, ya que como l\u00edder de varias empresas contables con operaciones en importantes ciudades como Tela, San Pedro Sula y Tegucigalpa, ha demostrado su capacidad para gestionar con \u00e9xito proyectos complejos y garantizar la sostenibilidad financiera.<\/p>\n<p>\u00a0<\/p>\n<p>Fuente: La tribuna<\/p>\n","protected":false},"excerpt":{"rendered":"<p>Tegucigalpa | 23.08.2024 El Partido Liberal, bajo la bandera de Todos por Honduras, present\u00f3 como su candidato oficial a la alcald\u00eda de Tela al abogado H\u00e9ctor Flores. Con una s\u00f3lida formaci\u00f3n acad\u00e9mica y una destacada trayectoria profesional, Flores se ha consolidado como una figura de confianza, con la preparaci\u00f3n necesaria para asumir el liderazgo que &hellip;<\/p>\n","protected":false},"author":0,"featured_media":77960,"comment_status":"open","ping_status":"open","sticky":false,"template":"","format":"standard","meta":{"_jetpack_memberships_contains_paid_content":false,"footnotes":""},"categories":[5],"tags":[],"class_list":["post-77959","post","type-post","status-publish","format-standard","has-post-thumbnail","","category-noticias"],"jetpack_sharing_enabled":true,"jetpack_featured_media_url":"https:\/\/mickyandoniehn.com\/radio\/wp-content\/uploads\/2024\/08\/IMG_0390-1-JVtUQW.jpeg","_links":{"self":[{"href":"https:\/\/mickyandoniehn.com\/radio\/wp-json\/wp\/v2\/posts\/77959","targetHints":{"allow":["GET"]}}],"collection":[{"href":"https:\/\/mickyandoniehn.com\/radio\/wp-json\/wp\/v2\/posts"}],"about":[{"href":"https:\/\/mickyandoniehn.com\/radio\/wp-json\/wp\/v2\/types\/post"}],"replies":[{"embeddable":true,"href":"https:\/\/mickyandoniehn.com\/radio\/wp-json\/wp\/v2\/comments?post=77959"}],"version-history":[{"count":0,"href":"https:\/\/mickyandoniehn.com\/radio\/wp-json\/wp\/v2\/posts\/77959\/revisions"}],"wp:featuredmedia":[{"embeddable":true,"href":"https:\/\/mickyandoniehn.com\/radio\/wp-json\/wp\/v2\/media\/77960"}],"wp:attachment":[{"href":"https:\/\/mickyandoniehn.com\/radio\/wp-json\/wp\/v2\/media?parent=77959"}],"wp:term":[{"taxonomy":"category","embeddable":true,"href":"https:\/\/mickyandoniehn.com\/radio\/wp-json\/wp\/v2\/categories?post=77959"},{"taxonomy":"post_tag","embeddable":true,"href":"https:\/\/mickyandoniehn.com\/radio\/wp-json\/wp\/v2\/tags?post=77959"}],"curies":[{"name":"wp","href":"https:\/\/api.w.org\/{rel}","templated":true}]}}