{"id":77951,"date":"2024-08-22T12:16:08","date_gmt":"2024-08-22T18:16:08","guid":{"rendered":"http:\/\/mickyandoniehn.com\/radio\/2024\/08\/22\/mas-de-100-aspirantes-a-policias-se-incorporan-a-servir-a-la-patria\/"},"modified":"2024-08-22T12:16:08","modified_gmt":"2024-08-22T18:16:08","slug":"mas-de-100-aspirantes-a-policias-se-incorporan-a-servir-a-la-patria","status":"publish","type":"post","link":"https:\/\/mickyandoniehn.com\/radio\/2024\/08\/22\/mas-de-100-aspirantes-a-policias-se-incorporan-a-servir-a-la-patria\/","title":{"rendered":"M\u00e1s de 100 aspirantes a polic\u00edas se incorporan a servir a la Patria"},"content":{"rendered":"<\/p>\n<p>22.08.2024<\/p>\n<p>M\u00e1s de 100 alumnos del Instituto T\u00e9cnico Policial (ITP) se incorporaron a servir a la Patria como parte de su formaci\u00f3n policial del Curso Log\u00edstico 010-2024 y Curso de Actualizaci\u00f3n Policial, CAP 05-2024.<\/p>\n<p>Desde el martes pasado, a tempranas horas, personal del Instituto T\u00e9cnico Policial realiz\u00f3 la distribuci\u00f3n de los aspirantes a agentes de polic\u00eda.<\/p>\n<p>\u201cLos y las j\u00f3venes fueron asignadas a las diferentes unidades de la Polic\u00eda Nacional seg\u00fan su experiencia\u201d, indic\u00f3 el director de Comunicaciones y Estrategias de la Secretar\u00eda de Seguridad, Miguel Mart\u00ednez Madrid.<\/p>\n<p>Un total de 113 aspirantes a agentes de polic\u00eda desarrollar\u00e1n su pr\u00e1ctica profesional supervisada en diferentes direcciones de la Polic\u00eda Nacional, por eso fueron movilizados hasta sus lugares de asignaci\u00f3n.<\/p>\n<p>De esta forma se est\u00e1 cumpliendo con el plan de formaci\u00f3n del ITP, incorporando el talento humano t\u00e9cnico que la Polic\u00eda requiere para \u00e1reas espec\u00edficas de su funcionamiento, ampli\u00f3.<\/p>\n<p>Los futuros polic\u00edas t\u00e9cnicos cubrir\u00e1n \u00e1reas como periodismo, enfermer\u00eda, dise\u00f1o gr\u00e1fico, mec\u00e1nica automotriz y refrigeraci\u00f3n, entre otras.<\/p>\n<p>La Universidad Nacional de la Polic\u00eda de Honduras sigue cumpliendo, a trav\u00e9s de ITP, con todos los programas de formaci\u00f3n planificados para 2024\u201d, finaliz\u00f3.<\/p>\n<p>Fuente: La Tribuna<\/p>\n","protected":false},"excerpt":{"rendered":"<p>22.08.2024 M\u00e1s de 100 alumnos del Instituto T\u00e9cnico Policial (ITP) se incorporaron a servir a la Patria como parte de su formaci\u00f3n policial del Curso Log\u00edstico 010-2024 y Curso de Actualizaci\u00f3n Policial, CAP 05-2024. Desde el martes pasado, a tempranas horas, personal del Instituto T\u00e9cnico Policial realiz\u00f3 la distribuci\u00f3n de los aspirantes a agentes de &hellip;<\/p>\n","protected":false},"author":0,"featured_media":77952,"comment_status":"open","ping_status":"open","sticky":false,"template":"","format":"standard","meta":{"_jetpack_memberships_contains_paid_content":false,"footnotes":""},"categories":[5],"tags":[],"class_list":["post-77951","post","type-post","status-publish","format-standard","has-post-thumbnail","","category-noticias"],"jetpack_sharing_enabled":true,"jetpack_featured_media_url":"https:\/\/mickyandoniehn.com\/radio\/wp-content\/uploads\/2024\/08\/12-2-z6hoA2.jpeg","_links":{"self":[{"href":"https:\/\/mickyandoniehn.com\/radio\/wp-json\/wp\/v2\/posts\/77951","targetHints":{"allow":["GET"]}}],"collection":[{"href":"https:\/\/mickyandoniehn.com\/radio\/wp-json\/wp\/v2\/posts"}],"about":[{"href":"https:\/\/mickyandoniehn.com\/radio\/wp-json\/wp\/v2\/types\/post"}],"replies":[{"embeddable":true,"href":"https:\/\/mickyandoniehn.com\/radio\/wp-json\/wp\/v2\/comments?post=77951"}],"version-history":[{"count":0,"href":"https:\/\/mickyandoniehn.com\/radio\/wp-json\/wp\/v2\/posts\/77951\/revisions"}],"wp:featuredmedia":[{"embeddable":true,"href":"https:\/\/mickyandoniehn.com\/radio\/wp-json\/wp\/v2\/media\/77952"}],"wp:attachment":[{"href":"https:\/\/mickyandoniehn.com\/radio\/wp-json\/wp\/v2\/media?parent=77951"}],"wp:term":[{"taxonomy":"category","embeddable":true,"href":"https:\/\/mickyandoniehn.com\/radio\/wp-json\/wp\/v2\/categories?post=77951"},{"taxonomy":"post_tag","embeddable":true,"href":"https:\/\/mickyandoniehn.com\/radio\/wp-json\/wp\/v2\/tags?post=77951"}],"curies":[{"name":"wp","href":"https:\/\/api.w.org\/{rel}","templated":true}]}}