{"id":77947,"date":"2024-08-22T11:13:21","date_gmt":"2024-08-22T17:13:21","guid":{"rendered":"http:\/\/mickyandoniehn.com\/radio\/2024\/08\/22\/jorge-aldana-el-agua-dejo-de-ser-un-negocio-en-la-capital\/"},"modified":"2024-08-22T11:13:21","modified_gmt":"2024-08-22T17:13:21","slug":"jorge-aldana-el-agua-dejo-de-ser-un-negocio-en-la-capital","status":"publish","type":"post","link":"https:\/\/mickyandoniehn.com\/radio\/2024\/08\/22\/jorge-aldana-el-agua-dejo-de-ser-un-negocio-en-la-capital\/","title":{"rendered":"Jorge Aldana: \u00abEl agua dej\u00f3 de ser un negocio en la capital\u00bb"},"content":{"rendered":"<\/p>\n<p>22.08.2024<\/p>\n<p>El alcalde del Distrito Central, Jorge Aldana, declar\u00f3 que bajo su administraci\u00f3n el agua ha dejado de ser un negocio, reafirmando su compromiso de invertir en los recursos necesarios para asegurar un acceso adecuado al vital l\u00edquido para todos los ciudadanos de la capital.<\/p>\n<p>Aldana destac\u00f3 en su cuenta oficial en la red social X los avances en varios proyectos h\u00eddricos clave, entre ellos la construcci\u00f3n de la represa San Jos\u00e9, el mantenimiento de la red de distribuci\u00f3n, mejoras en las plantas de tratamiento, y la entrega de agua a miles de hogares a trav\u00e9s de carros cisterna.<\/p>\n<p>Adem\u00e1s, mencion\u00f3 los progresos en la represa Jiniguare, subrayando su importancia para garantizar el suministro de agua en Tegucigalpa.<\/p>\n<p>El alcalde enfatiz\u00f3 que el problema del agua en la capital no radica en la escasez, sino en una distribuci\u00f3n desigual. \u00abEl tema del agua en la capital no es un tema de carencia de agua, es un tema de injusticia por el agua\u00bb, afirm\u00f3 Aldana, cuestionando las desigualdades en las tarifas actuales.<\/p>\n<p>Se\u00f1al\u00f3 que \u00abalguien en Nueva Capital hoy paga m\u00e1s que un vecino del bulevar Moraz\u00e1n\u00bb, calificando esta situaci\u00f3n como injusta y comprometi\u00e9ndose a corregirla.<\/p>\n<p>En referencia a la represa San Jos\u00e9, Aldana explic\u00f3 que este proyecto se ha desarrollado con una nueva visi\u00f3n, enfocada en beneficiar a las personas m\u00e1s necesitadas y garantizar el suministro de agua a 350,000 habitantes de sectores como Villanueva, Los Pinos y el corredor de Oriente.<\/p>\n<p>Adem\u00e1s, denunci\u00f3 que en el pasado se hab\u00eda concebido este proyecto con la intenci\u00f3n de privatizar el agua, pero dej\u00f3 claro que bajo su gesti\u00f3n no se permitir\u00e1 la privatizaci\u00f3n de este recurso esencial, afirmando contundentemente que \u00abel agua es un bien com\u00fan\u00bb.<\/p>\n<p>Fuente: Diario Roatan<\/p>\n","protected":false},"excerpt":{"rendered":"<p>22.08.2024 El alcalde del Distrito Central, Jorge Aldana, declar\u00f3 que bajo su administraci\u00f3n el agua ha dejado de ser un negocio, reafirmando su compromiso de invertir en los recursos necesarios para asegurar un acceso adecuado al vital l\u00edquido para todos los ciudadanos de la capital. Aldana destac\u00f3 en su cuenta oficial en la red social &hellip;<\/p>\n","protected":false},"author":0,"featured_media":77948,"comment_status":"open","ping_status":"open","sticky":false,"template":"","format":"standard","meta":{"_jetpack_memberships_contains_paid_content":false,"footnotes":""},"categories":[5],"tags":[],"class_list":["post-77947","post","type-post","status-publish","format-standard","has-post-thumbnail","","category-noticias"],"jetpack_sharing_enabled":true,"jetpack_featured_media_url":"https:\/\/mickyandoniehn.com\/radio\/wp-content\/uploads\/2024\/08\/8-3-vThYt3.jpeg","_links":{"self":[{"href":"https:\/\/mickyandoniehn.com\/radio\/wp-json\/wp\/v2\/posts\/77947","targetHints":{"allow":["GET"]}}],"collection":[{"href":"https:\/\/mickyandoniehn.com\/radio\/wp-json\/wp\/v2\/posts"}],"about":[{"href":"https:\/\/mickyandoniehn.com\/radio\/wp-json\/wp\/v2\/types\/post"}],"replies":[{"embeddable":true,"href":"https:\/\/mickyandoniehn.com\/radio\/wp-json\/wp\/v2\/comments?post=77947"}],"version-history":[{"count":0,"href":"https:\/\/mickyandoniehn.com\/radio\/wp-json\/wp\/v2\/posts\/77947\/revisions"}],"wp:featuredmedia":[{"embeddable":true,"href":"https:\/\/mickyandoniehn.com\/radio\/wp-json\/wp\/v2\/media\/77948"}],"wp:attachment":[{"href":"https:\/\/mickyandoniehn.com\/radio\/wp-json\/wp\/v2\/media?parent=77947"}],"wp:term":[{"taxonomy":"category","embeddable":true,"href":"https:\/\/mickyandoniehn.com\/radio\/wp-json\/wp\/v2\/categories?post=77947"},{"taxonomy":"post_tag","embeddable":true,"href":"https:\/\/mickyandoniehn.com\/radio\/wp-json\/wp\/v2\/tags?post=77947"}],"curies":[{"name":"wp","href":"https:\/\/api.w.org\/{rel}","templated":true}]}}