{"id":77945,"date":"2024-08-22T10:12:45","date_gmt":"2024-08-22T16:12:45","guid":{"rendered":"http:\/\/mickyandoniehn.com\/radio\/2024\/08\/22\/a-dias-de-comenzar-cosecha-2024-2025-de-cafe-honduras-no-cumple-reglamento-de-no-deforestacion-de-ue\/"},"modified":"2024-08-22T10:12:45","modified_gmt":"2024-08-22T16:12:45","slug":"a-dias-de-comenzar-cosecha-2024-2025-de-cafe-honduras-no-cumple-reglamento-de-no-deforestacion-de-ue","status":"publish","type":"post","link":"https:\/\/mickyandoniehn.com\/radio\/2024\/08\/22\/a-dias-de-comenzar-cosecha-2024-2025-de-cafe-honduras-no-cumple-reglamento-de-no-deforestacion-de-ue\/","title":{"rendered":"A d\u00edas de comenzar cosecha 2024-2025 de caf\u00e9, Honduras no cumple reglamento de no deforestaci\u00f3n de UE"},"content":{"rendered":"<\/p>\n<p>22.08.2024<\/p>\n<p>A 39 d\u00edas de comenzar la cosecha 2024-2025 el sector cafetalero del pa\u00eds todav\u00eda no est\u00e1 listos para cumplir reglamento de no deforestaci\u00f3n de la Uni\u00f3n Europea, misma que se vence en diciembre de 2024.<\/p>\n<p class=\"has-vivid-red-color has-text-color has-link-color wp-elements-83ec3494633e984407d90ba650e2ccc3\"><strong>-La cosecha de caf\u00e9 2023-2024 no alcanzar\u00e1 las proyecciones debido a m\u00faltiples desaf\u00edos<\/strong><\/p>\n<p>El caficultor y dirigente del sector Fredy Pastrana, expres\u00f3 su preocupaci\u00f3n por la pr\u00f3xima entrada en vigencia del reglamento de no deforestaci\u00f3n de la Uni\u00f3n Europea, que afecta la compra de materia prima, incluido el caf\u00e9.<\/p>\n<p>Este reglamento, que entra en vigor el 30 de diciembre de 2024, exige la georreferenciaci\u00f3n de las unidades productivas y que estas cumplan con las leyes locales de Honduras, expuso Pastrana a\u00a0<strong>Proceso Digital<\/strong>.<\/p>\n<p>Pastrana critic\u00f3 la falta de acci\u00f3n efectiva por parte de las autoridades hondure\u00f1as para cumplir con estos requisitos, advirtiendo que, si no se exportan los 3.5 millones de quintales de caf\u00e9 a la Uni\u00f3n Europea, el mercado interno se saturar\u00e1, lo que provocar\u00e1 una ca\u00edda significativa en los precios y afectar\u00e1 gravemente a los productores.<\/p>\n<p>En ese sentido, Pastrana hizo un llamado a la Uni\u00f3n Europea para que considere ampliar el plazo de aplicaci\u00f3n del reglamento entre 12 y 24 meses, permitiendo a Honduras organizarse adecuadamente.<\/p>\n<p>Sin embargo, advirti\u00f3 que si no se logra esta pr\u00f3rroga, m\u00e1s de 120,000 familias cafetaleras se ver\u00e1n afectadas, y el pa\u00eds podr\u00eda perder ingresos por exportaciones de caf\u00e9 valorados en aproximadamente 900 millones de d\u00f3lares. Esto, a su vez, presionar\u00eda a la baja los precios en el mercado interno, perjudicando a miles de peque\u00f1os y medianos cafetaleros.<\/p>\n<p><strong>Baja cosecha<\/strong><\/p>\n<p>Por otra parte, Freddy Pastrana, advirti\u00f3 que la cosecha de caf\u00e9 2023-2024 no alcanzar\u00e1 las proyecciones establecidas por el Instituto Hondure\u00f1o del Caf\u00e9 (IHCAFE) ni por el gobierno. Seg\u00fan Pastrana, es improbable que se logre la estimaci\u00f3n de 6.5 millones de quintales prevista por IHCAFE, y mucho menos los 8 millones proyectados por el gobierno. En su lugar, se espera que la producci\u00f3n se sit\u00fae entre 5.5 y 5.8 millones de quintales.<\/p>\n<p>El caficultor se\u00f1al\u00f3 que varios factores han contribuido a esta ca\u00edda en la producci\u00f3n, incluyendo el cambio clim\u00e1tico, la escasez de mano de obra, problemas crediticios no resueltos y la falta de una pol\u00edtica institucional s\u00f3lida que garantice precios justos tanto en el mercado interno como en el externo.<\/p>\n<p>Esta desmotivaci\u00f3n entre los productores ha llevado a una significativa disminuci\u00f3n en la producci\u00f3n, pasando de 10 millones de quintales en 2017 a una estimaci\u00f3n mucho m\u00e1s baja para la actual cosecha, que est\u00e1 a unos 39 d\u00edas de finalizar.<\/p>\n<p>Fuente:Proceso Digital<\/p>\n","protected":false},"excerpt":{"rendered":"<p>22.08.2024 A 39 d\u00edas de comenzar la cosecha 2024-2025 el sector cafetalero del pa\u00eds todav\u00eda no est\u00e1 listos para cumplir reglamento de no deforestaci\u00f3n de la Uni\u00f3n Europea, misma que se vence en diciembre de 2024. -La cosecha de caf\u00e9 2023-2024 no alcanzar\u00e1 las proyecciones debido a m\u00faltiples desaf\u00edos El caficultor y dirigente del sector &hellip;<\/p>\n","protected":false},"author":0,"featured_media":77946,"comment_status":"open","ping_status":"open","sticky":false,"template":"","format":"standard","meta":{"_jetpack_memberships_contains_paid_content":false,"footnotes":""},"categories":[5],"tags":[],"class_list":["post-77945","post","type-post","status-publish","format-standard","has-post-thumbnail","","category-noticias"],"jetpack_sharing_enabled":true,"jetpack_featured_media_url":"https:\/\/mickyandoniehn.com\/radio\/wp-content\/uploads\/2024\/08\/4-1-sjSwiE.jpeg","_links":{"self":[{"href":"https:\/\/mickyandoniehn.com\/radio\/wp-json\/wp\/v2\/posts\/77945","targetHints":{"allow":["GET"]}}],"collection":[{"href":"https:\/\/mickyandoniehn.com\/radio\/wp-json\/wp\/v2\/posts"}],"about":[{"href":"https:\/\/mickyandoniehn.com\/radio\/wp-json\/wp\/v2\/types\/post"}],"replies":[{"embeddable":true,"href":"https:\/\/mickyandoniehn.com\/radio\/wp-json\/wp\/v2\/comments?post=77945"}],"version-history":[{"count":0,"href":"https:\/\/mickyandoniehn.com\/radio\/wp-json\/wp\/v2\/posts\/77945\/revisions"}],"wp:featuredmedia":[{"embeddable":true,"href":"https:\/\/mickyandoniehn.com\/radio\/wp-json\/wp\/v2\/media\/77946"}],"wp:attachment":[{"href":"https:\/\/mickyandoniehn.com\/radio\/wp-json\/wp\/v2\/media?parent=77945"}],"wp:term":[{"taxonomy":"category","embeddable":true,"href":"https:\/\/mickyandoniehn.com\/radio\/wp-json\/wp\/v2\/categories?post=77945"},{"taxonomy":"post_tag","embeddable":true,"href":"https:\/\/mickyandoniehn.com\/radio\/wp-json\/wp\/v2\/tags?post=77945"}],"curies":[{"name":"wp","href":"https:\/\/api.w.org\/{rel}","templated":true}]}}