{"id":77937,"date":"2024-08-22T09:15:39","date_gmt":"2024-08-22T15:15:39","guid":{"rendered":"http:\/\/mickyandoniehn.com\/radio\/2024\/08\/22\/banasupro-presente-en-la-ix-reunion-de-la-red-de-alimentos\/"},"modified":"2024-08-22T09:15:39","modified_gmt":"2024-08-22T15:15:39","slug":"banasupro-presente-en-la-ix-reunion-de-la-red-de-alimentos","status":"publish","type":"post","link":"https:\/\/mickyandoniehn.com\/radio\/2024\/08\/22\/banasupro-presente-en-la-ix-reunion-de-la-red-de-alimentos\/","title":{"rendered":"BANASUPRO presente en la IX reuni\u00f3n de la Red de Alimentos"},"content":{"rendered":"<p>\u00a0<\/p>\n<\/p>\n<p>22.08.2024<\/p>\n<p>La suplidora Nacional de Productos B\u00e1sicos (BANASUPRO), estar\u00e1 presente en la IX Reuni\u00f3n de la Red de Sistemas P\u00fablicos de Abastecimiento y Comercializaci\u00f3n de Alimentos en Am\u00e9rica Latina y el Caribe (Red SPAA), que se celebra en Brasilia, del 21 al 23 de agosto.<\/p>\n<p>En representaci\u00f3n, asiste la gerente general de BANASUPRO, A\u00edda Reyes, el gerente de Mercadeo Miguel Dehais y la gerente de Ventas, Alejandra Carranza.<\/p>\n<p>El evento re\u00fane a delegaciones de toda la regi\u00f3n para discutir temas vitales como la respuesta a emergencias alimentarias, la gesti\u00f3n de reservas de granos y la implementaci\u00f3n de programas de asistencia dirigidos a las poblaciones m\u00e1s vulnerables. La presencia de BANASUPRO en este foro regional permitir\u00e1 a Honduras contribuir con su experiencia y visi\u00f3n en la creaci\u00f3n de soluciones conjuntas que fortalezcan la seguridad alimentaria en Am\u00e9rica.<\/p>\n<p>En esta reuni\u00f3n participan representantes de pa\u00edses como Bolivia, Chile, Colombia, Costa Rica, Cuba, El Salvador, Ecuador, Guatemala, M\u00e9xico, Panam\u00e1, Paraguay, Rep\u00fablica Dominicana, Venezuela, y San Vicente y Las Granadinas. Los representantes de BANASUPRO participar\u00e1n en las discusiones, reflejando el firme compromiso de BANASUPRO con el desarrollo de pol\u00edticas p\u00fablicas que aseguren el acceso a alimentos de calidad para la poblaci\u00f3n hondure\u00f1a.<\/p>\n<div class=\"fs-dynamic\">\n<div>A trav\u00e9s de su participaci\u00f3n en la Red SPAA, BANASUPRO reafirma su papel central en el fortalecimiento de los sistemas p\u00fablicos de abastecimiento, colaborando con otras naciones para enfrentar los desaf\u00edos comunes que impactan la seguridad alimentaria en la regi\u00f3n. Honduras se suma as\u00ed a los esfuerzos colectivos para mejorar la resiliencia de estos sistemas y garantizar un suministro alimentario seguro en tiempos de crisis.<\/div>\n<\/div>\n<div><\/div>\n<div>Fuente La Tribuna<\/div>\n","protected":false},"excerpt":{"rendered":"<p>\u00a0 22.08.2024 La suplidora Nacional de Productos B\u00e1sicos (BANASUPRO), estar\u00e1 presente en la IX Reuni\u00f3n de la Red de Sistemas P\u00fablicos de Abastecimiento y Comercializaci\u00f3n de Alimentos en Am\u00e9rica Latina y el Caribe (Red SPAA), que se celebra en Brasilia, del 21 al 23 de agosto. En representaci\u00f3n, asiste la gerente general de BANASUPRO, A\u00edda &hellip;<\/p>\n","protected":false},"author":0,"featured_media":77938,"comment_status":"open","ping_status":"open","sticky":false,"template":"","format":"standard","meta":{"_jetpack_memberships_contains_paid_content":false,"footnotes":""},"categories":[5],"tags":[],"class_list":["post-77937","post","type-post","status-publish","format-standard","has-post-thumbnail","","category-noticias"],"jetpack_sharing_enabled":true,"jetpack_featured_media_url":"https:\/\/mickyandoniehn.com\/radio\/wp-content\/uploads\/2024\/08\/1-Qti83M.jpeg","_links":{"self":[{"href":"https:\/\/mickyandoniehn.com\/radio\/wp-json\/wp\/v2\/posts\/77937","targetHints":{"allow":["GET"]}}],"collection":[{"href":"https:\/\/mickyandoniehn.com\/radio\/wp-json\/wp\/v2\/posts"}],"about":[{"href":"https:\/\/mickyandoniehn.com\/radio\/wp-json\/wp\/v2\/types\/post"}],"replies":[{"embeddable":true,"href":"https:\/\/mickyandoniehn.com\/radio\/wp-json\/wp\/v2\/comments?post=77937"}],"version-history":[{"count":0,"href":"https:\/\/mickyandoniehn.com\/radio\/wp-json\/wp\/v2\/posts\/77937\/revisions"}],"wp:featuredmedia":[{"embeddable":true,"href":"https:\/\/mickyandoniehn.com\/radio\/wp-json\/wp\/v2\/media\/77938"}],"wp:attachment":[{"href":"https:\/\/mickyandoniehn.com\/radio\/wp-json\/wp\/v2\/media?parent=77937"}],"wp:term":[{"taxonomy":"category","embeddable":true,"href":"https:\/\/mickyandoniehn.com\/radio\/wp-json\/wp\/v2\/categories?post=77937"},{"taxonomy":"post_tag","embeddable":true,"href":"https:\/\/mickyandoniehn.com\/radio\/wp-json\/wp\/v2\/tags?post=77937"}],"curies":[{"name":"wp","href":"https:\/\/api.w.org\/{rel}","templated":true}]}}