{"id":77931,"date":"2024-08-22T09:15:32","date_gmt":"2024-08-22T15:15:32","guid":{"rendered":"http:\/\/mickyandoniehn.com\/radio\/2024\/08\/22\/familia-en-lempira-podria-estar-contagiada-de-viruela-del-mono-sesal-insta-a-esperar-resultados\/"},"modified":"2024-08-22T09:15:32","modified_gmt":"2024-08-22T15:15:32","slug":"familia-en-lempira-podria-estar-contagiada-de-viruela-del-mono-sesal-insta-a-esperar-resultados","status":"publish","type":"post","link":"https:\/\/mickyandoniehn.com\/radio\/2024\/08\/22\/familia-en-lempira-podria-estar-contagiada-de-viruela-del-mono-sesal-insta-a-esperar-resultados\/","title":{"rendered":"Familia en Lempira podr\u00eda estar contagiada de viruela del mono; Sesal insta a esperar resultados"},"content":{"rendered":"<p>\u00a0<\/p>\n<\/p>\n<p>22.08.2024<\/p>\n<p>Una familia conformada por cinco miembros del departamento de Lempira se encuentra bajo vigilancia en Honduras, sospechosa de\u00a0<strong>viruela del mono<\/strong>, debido a que presentan lesiones en la piel.<\/p>\n<p>Al respecto, la secretaria de Salud,\u00a0<strong>Carla Paredes<\/strong>, aclar\u00f3 que un hondure\u00f1o, miembro de dicha familia y deportado hace unos d\u00edas de Estados Unidos,\u00a0<strong><a href=\"https:\/\/www.radiohrn.hn\/viruela-del-mono-podria-llegar-a-honduras-este-2024-advierte-epidemiologo-2024-08-18\">no tiene viruela del mono<\/a><\/strong>, pero su familia s\u00ed est\u00e1 bajo observaci\u00f3n.<\/p>\n<p>En ese sentido, la funcionaria cuestion\u00f3 que el hondure\u00f1o sea el responsable de haber introducido la enfermedad en Honduras, ya que los dem\u00e1s familiares presentaban s\u00edntomas antes de su llegada.<\/p>\n<p>\u00abHemos realizado todos los pasos epidemiol\u00f3gicos correspondientes alrededor de la familia y la comunidad\u00bb, afirm\u00f3 Paredes.<\/p>\n<p><strong>El viernes 23 de agosto se confirmar\u00e1 si la familia est\u00e1 contagiada<\/strong>; sin embargo, la secretaria de Salud, bas\u00e1ndose en su experiencia, dijo que no se trata de viruela del mono, sino de otra enfermedad.<\/p>\n<h2>Emergencia mundial por viruela s\u00edmica<\/h2>\n<p>La Organizaci\u00f3n Mundial de la Salud (OMS) ha declarado una emergencia sanitaria mundial debido a un nuevo brote de viruela s\u00edmica (mpox), especialmente en la Rep\u00fablica Democr\u00e1tica del Congo y varios pa\u00edses africanos vecinos.<\/p>\n<p>La r\u00e1pida propagaci\u00f3n de una nueva variante del virus, con una tasa de mortalidad cercana al 3%, ha causado alarma internacional, sobre todo porque esta cifra es significativamente m\u00e1s alta que el 0.2% registrado en el brote global de 2022.<\/p>\n<h2>Medidas que ha tomado Honduras para prevenir la viruela del mono<\/h2>\n<p>Honduras ha implementado varias medidas preventivas para controlar la posible entrada de la viruela del mono (mpox) al pa\u00eds, especialmente tras la declaraci\u00f3n de emergencia internacional por parte de la OMS en agosto de 2024.<\/p>\n<p>Entre las principales acciones,\u00a0<a href=\"https:\/\/www.radiohrn.hn\/honduras-instala-salas-de-vigilancia-en-aeropuertos-por-alerta-de-viruela-del-mono-2024-08-20\">el gobierno ha instalado\u00a0<strong>puestos de vigilancia epidemiol\u00f3gica<\/strong>\u00a0en aeropuertos<\/a>, fronteras y puertos, con la participaci\u00f3n activa de personal m\u00e9dico y de salud ambiental.<\/p>\n<h2>S\u00edntomas de viruela del mono<\/h2>\n<p>Los s\u00edntomas de la viruela del mono (mpox) suelen aparecer entre 5 y 21 d\u00edas despu\u00e9s de la exposici\u00f3n al virus.<\/p>\n<p>Estos incluyen:<\/p>\n<p><strong>Fiebre<\/strong><br \/>\n<strong>Dolores de cabeza intensos<\/strong><br \/>\n<strong>Dolores musculares<\/strong><br \/>\n<strong>Dolor de espalda<\/strong><br \/>\n<strong>Escalofr\u00edos<\/strong><br \/>\n<strong>Fatiga extrema<\/strong><br \/>\n<strong>Inflamaci\u00f3n de los ganglios linf\u00e1ticos<\/strong>\u00a0(caracter\u00edstica distintiva de la viruela del mono)<br \/>\n<strong>Erupciones cut\u00e1neas<\/strong>: Generalmente comienzan en la cara y se extienden a otras partes del cuerpo, incluyendo manos, pies y genitales. Las erupciones evolucionan en varias etapas,\u00a0<strong>desde manchas planas hasta p\u00fastulas llenas de l\u00edquido<\/strong>, que finalmente forman costras y se caen<\/p>\n<p>Fuente: HRN.<\/p>\n","protected":false},"excerpt":{"rendered":"<p>\u00a0 22.08.2024 Una familia conformada por cinco miembros del departamento de Lempira se encuentra bajo vigilancia en Honduras, sospechosa de\u00a0viruela del mono, debido a que presentan lesiones en la piel. Al respecto, la secretaria de Salud,\u00a0Carla Paredes, aclar\u00f3 que un hondure\u00f1o, miembro de dicha familia y deportado hace unos d\u00edas de Estados Unidos,\u00a0no tiene viruela &hellip;<\/p>\n","protected":false},"author":0,"featured_media":77932,"comment_status":"open","ping_status":"open","sticky":false,"template":"","format":"standard","meta":{"_jetpack_memberships_contains_paid_content":false,"footnotes":""},"categories":[5],"tags":[],"class_list":["post-77931","post","type-post","status-publish","format-standard","has-post-thumbnail","","category-noticias"],"jetpack_sharing_enabled":true,"jetpack_featured_media_url":"https:\/\/mickyandoniehn.com\/radio\/wp-content\/uploads\/2024\/08\/3-2-AErFEW.jpeg","_links":{"self":[{"href":"https:\/\/mickyandoniehn.com\/radio\/wp-json\/wp\/v2\/posts\/77931","targetHints":{"allow":["GET"]}}],"collection":[{"href":"https:\/\/mickyandoniehn.com\/radio\/wp-json\/wp\/v2\/posts"}],"about":[{"href":"https:\/\/mickyandoniehn.com\/radio\/wp-json\/wp\/v2\/types\/post"}],"replies":[{"embeddable":true,"href":"https:\/\/mickyandoniehn.com\/radio\/wp-json\/wp\/v2\/comments?post=77931"}],"version-history":[{"count":0,"href":"https:\/\/mickyandoniehn.com\/radio\/wp-json\/wp\/v2\/posts\/77931\/revisions"}],"wp:featuredmedia":[{"embeddable":true,"href":"https:\/\/mickyandoniehn.com\/radio\/wp-json\/wp\/v2\/media\/77932"}],"wp:attachment":[{"href":"https:\/\/mickyandoniehn.com\/radio\/wp-json\/wp\/v2\/media?parent=77931"}],"wp:term":[{"taxonomy":"category","embeddable":true,"href":"https:\/\/mickyandoniehn.com\/radio\/wp-json\/wp\/v2\/categories?post=77931"},{"taxonomy":"post_tag","embeddable":true,"href":"https:\/\/mickyandoniehn.com\/radio\/wp-json\/wp\/v2\/tags?post=77931"}],"curies":[{"name":"wp","href":"https:\/\/api.w.org\/{rel}","templated":true}]}}